{"id":10121,"date":"2024-03-07T19:19:59","date_gmt":"2024-03-07T22:19:59","guid":{"rendered":"http:\/\/www.ucse.edu.ar\/notiucse\/?p=10121"},"modified":"2024-03-07T19:19:59","modified_gmt":"2024-03-07T22:19:59","slug":"el-dass-de-la-ucse-continua-formando-expertos-en-docencia-superior","status":"publish","type":"post","link":"https:\/\/www.ucse.edu.ar\/notiucse\/2024\/03\/07\/el-dass-de-la-ucse-continua-formando-expertos-en-docencia-superior\/","title":{"rendered":"El DASS de la UCSE Contin\u00faa Formando Expertos en Docencia Superior"},"content":{"rendered":"\n<p>El Departamento Acad\u00e9mico San Salvador de la Universidad Cat\u00f3lica de Santiago del Estero (UCSE) anuncia la <strong>apertura de inscripciones para la capacitaci\u00f3n de t\u00edtulo propio: &#8220;Experto Universitario en Ense\u00f1anza de la Educaci\u00f3n Superior&#8221;<\/strong> en modalidad presencial. <\/p>\n\n\n\n<p>Este ciclo formativo, con una duraci\u00f3n de un a\u00f1o, tiene como <strong>objetivo primordial impulsar la formaci\u00f3n y capacitaci\u00f3n docente universitarias<\/strong>, aline\u00e1ndose con los ejes priorizados del plan de mejora institucional y las pol\u00edticas de educaci\u00f3n superior. Adem\u00e1s, busca iniciar un <strong>proceso gradual de profesionalizaci\u00f3n en el ejercicio de la docencia superior<\/strong>. <\/p>\n\n\n\n<p>Desde el a\u00f1o 2015, la capacitaci\u00f3n ha sido impartida de manera ininterrumpida, recibiendo a docentes de la UCSE y a profesionales de la regi\u00f3n. Ha cosechado un impacto positivo, respaldado por comentarios elogiosos de los participantes. <\/p>\n\n\n<div class=\"wp-block-image is-style-default\">\n<figure class=\"alignleft size-large is-resized\"><a href=\"http:\/\/www.ucse.edu.ar\/notiucse\/wp-content\/uploads\/2024\/03\/428656383_793037906202838_37458527295196278_n-1.jpg\"><img fetchpriority=\"high\" decoding=\"async\" width=\"1024\" height=\"1024\" src=\"http:\/\/www.ucse.edu.ar\/notiucse\/wp-content\/uploads\/2024\/03\/428656383_793037906202838_37458527295196278_n-1-1024x1024.jpg\" alt=\"\" class=\"wp-image-10127\" style=\"width:448px;height:auto\" srcset=\"https:\/\/www.ucse.edu.ar\/notiucse\/wp-content\/uploads\/2024\/03\/428656383_793037906202838_37458527295196278_n-1-1024x1024.jpg 1024w, https:\/\/www.ucse.edu.ar\/notiucse\/wp-content\/uploads\/2024\/03\/428656383_793037906202838_37458527295196278_n-1-300x300.jpg 300w, https:\/\/www.ucse.edu.ar\/notiucse\/wp-content\/uploads\/2024\/03\/428656383_793037906202838_37458527295196278_n-1-150x150.jpg 150w, https:\/\/www.ucse.edu.ar\/notiucse\/wp-content\/uploads\/2024\/03\/428656383_793037906202838_37458527295196278_n-1-1536x1536.jpg 1536w, https:\/\/www.ucse.edu.ar\/notiucse\/wp-content\/uploads\/2024\/03\/428656383_793037906202838_37458527295196278_n-1-2048x2048.jpg 2048w\" sizes=\"(max-width: 1024px) 100vw, 1024px\" \/><\/a><\/figure><\/div>\n\n\n<p>En el presente a\u00f1o, el <strong>programa de Experto en Ense\u00f1anza de la  Educaci\u00f3n Superior iniciar\u00e1 sus clases en el mes de abril<\/strong>. A lo largo del a\u00f1o, se desarrollar\u00e1n ocho m\u00f3dulos que abordar\u00e1n las diversas dimensiones de la ense\u00f1anza en el Nivel Superior Universitario y No Universitarios (Terciario) <\/p>\n\n\n\n<p>Todos los m\u00f3dulos analizar\u00e1n exclusivamente las realidades del nivel superior, proporcionando enfoques y herramientas espec\u00edficas para su ense\u00f1anza. El t\u00edtulo, con una <strong>carga horaria de 405 horas c\u00e1tedra<\/strong>, se erige como una opci\u00f3n integral y especializada en el \u00e1mbito educativo. <\/p>\n\n\n\n<p>Los <strong>requisitos para el ingreso<\/strong> comprenden una presentaci\u00f3n de una copia del T\u00edtulo de grado o pregrado universitario, o del t\u00edtulo de Profesor egresado de institutos superiores no universitarios con planes de estudio de no menos de cuatro a\u00f1os de duraci\u00f3n, fotocopia del DNI y formulario de inscripci\u00f3n.<\/p>\n\n\n\n<p>Los interesados en obtener m\u00e1s informaci\u00f3n pueden dirigirse a <strong>Lavalle 33<\/strong>, seguir las redes sociales <strong>@ucsejujuy<\/strong> o comunicarse al <strong>0388-4236881<\/strong> o visitar la p\u00e1gina web de la universidad: <strong>http:\/\/www.ucse.edu.ar\/experto-en-ensenanza-de-la-educacion-superior<\/strong><\/p>\n","protected":false},"excerpt":{"rendered":"<p>El Departamento Acad\u00e9mico San Salvador de la Universidad Cat\u00f3lica de Santiago del Estero (UCSE) anuncia la apertura de inscripciones para la capacitaci\u00f3n de t\u00edtulo propio: &#8220;Experto Universitario en Ense\u00f1anza de la Educaci\u00f3n Superior&#8221; en modalidad presencial. Este ciclo formativo, con una duraci\u00f3n de un a\u00f1o, tiene como objetivo primordial impulsar la formaci\u00f3n y capacitaci\u00f3n docente [&hellip;]<\/p>\n","protected":false},"author":2,"featured_media":10130,"comment_status":"closed","ping_status":"","sticky":false,"template":"","format":"standard","meta":{"_exactmetrics_skip_tracking":false,"_exactmetrics_sitenote_active":false,"_exactmetrics_sitenote_note":"","_exactmetrics_sitenote_category":0,"footnotes":""},"categories":[19],"tags":[52,110],"_links":{"self":[{"href":"https:\/\/www.ucse.edu.ar\/notiucse\/wp-json\/wp\/v2\/posts\/10121"}],"collection":[{"href":"https:\/\/www.ucse.edu.ar\/notiucse\/wp-json\/wp\/v2\/posts"}],"about":[{"href":"https:\/\/www.ucse.edu.ar\/notiucse\/wp-json\/wp\/v2\/types\/post"}],"author":[{"embeddable":true,"href":"https:\/\/www.ucse.edu.ar\/notiucse\/wp-json\/wp\/v2\/users\/2"}],"replies":[{"embeddable":true,"href":"https:\/\/www.ucse.edu.ar\/notiucse\/wp-json\/wp\/v2\/comments?post=10121"}],"version-history":[{"count":2,"href":"https:\/\/www.ucse.edu.ar\/notiucse\/wp-json\/wp\/v2\/posts\/10121\/revisions"}],"predecessor-version":[{"id":10128,"href":"https:\/\/www.ucse.edu.ar\/notiucse\/wp-json\/wp\/v2\/posts\/10121\/revisions\/10128"}],"wp:featuredmedia":[{"embeddable":true,"href":"https:\/\/www.ucse.edu.ar\/notiucse\/wp-json\/wp\/v2\/media\/10130"}],"wp:attachment":[{"href":"https:\/\/www.ucse.edu.ar\/notiucse\/wp-json\/wp\/v2\/media?parent=10121"}],"wp:term":[{"taxonomy":"category","embeddable":true,"href":"https:\/\/www.ucse.edu.ar\/notiucse\/wp-json\/wp\/v2\/categories?post=10121"},{"taxonomy":"post_tag","embeddable":true,"href":"https:\/\/www.ucse.edu.ar\/notiucse\/wp-json\/wp\/v2\/tags?post=10121"}],"curies":[{"name":"wp","href":"https:\/\/api.w.org\/{rel}","templated":true}]}}