{"id":10139,"date":"2024-03-08T17:42:44","date_gmt":"2024-03-08T20:42:44","guid":{"rendered":"http:\/\/www.ucse.edu.ar\/notiucse\/?p=10139"},"modified":"2024-03-08T17:43:37","modified_gmt":"2024-03-08T20:43:37","slug":"innovacion-y-tradicion-la-feria-artesanal-de-la-ucse-regresa-con-mas-fuerza","status":"publish","type":"post","link":"https:\/\/www.ucse.edu.ar\/notiucse\/2024\/03\/08\/innovacion-y-tradicion-la-feria-artesanal-de-la-ucse-regresa-con-mas-fuerza\/","title":{"rendered":"Innovaci\u00f3n y Tradici\u00f3n: La Feria Artesanal de la UCSE Regresa con m\u00e1s Fuerza"},"content":{"rendered":"\n<p>La jornada destinada a la planificaci\u00f3n y coordinaci\u00f3n de la pr\u00f3xima edici\u00f3n de la Feria Artesanal y Productos de Huerta UCSE 2024 tuvo lugar con \u00e9xito, congregando a emprendedores y responsables del proyecto en un espacio propicio para el intercambio de ideas y la delineaci\u00f3n de estrategias.<\/p>\n\n\n\n<p>En el transcurso de la reuni\u00f3n, se abordaron temas cruciales relacionados con la apertura y convocatoria de la feria, el cronograma anual de capacitaciones planificado y la introducci\u00f3n de una modalidad virtual para la feria, adapt\u00e1ndose as\u00ed a las cambiantes circunstancias y priorizando la seguridad de los participantes.<\/p>\n\n\n<div class=\"wp-block-image\">\n<figure class=\"alignleft size-large is-resized\"><a href=\"http:\/\/www.ucse.edu.ar\/notiucse\/wp-content\/uploads\/2024\/03\/IMG_4964-1.jpg\"><img fetchpriority=\"high\" decoding=\"async\" width=\"1024\" height=\"1024\" src=\"http:\/\/www.ucse.edu.ar\/notiucse\/wp-content\/uploads\/2024\/03\/IMG_4964-1-1024x1024.jpg\" alt=\"\" class=\"wp-image-10143\" style=\"width:430px;height:auto\" srcset=\"https:\/\/www.ucse.edu.ar\/notiucse\/wp-content\/uploads\/2024\/03\/IMG_4964-1-1024x1024.jpg 1024w, https:\/\/www.ucse.edu.ar\/notiucse\/wp-content\/uploads\/2024\/03\/IMG_4964-1-300x300.jpg 300w, https:\/\/www.ucse.edu.ar\/notiucse\/wp-content\/uploads\/2024\/03\/IMG_4964-1-150x150.jpg 150w, https:\/\/www.ucse.edu.ar\/notiucse\/wp-content\/uploads\/2024\/03\/IMG_4964-1-1536x1536.jpg 1536w, https:\/\/www.ucse.edu.ar\/notiucse\/wp-content\/uploads\/2024\/03\/IMG_4964-1-2048x2048.jpg 2048w\" sizes=\"(max-width: 1024px) 100vw, 1024px\" \/><\/a><\/figure><\/div>\n\n\n<p>La responsabilidad de la coordinaci\u00f3n del proyecto recae en la <strong>Prosecretar\u00eda de Extensi\u00f3n y Vinculaci\u00f3n de la Facultad de Ciencias de la Salud de la UCSE<\/strong>. La Lic. Silvia Santill\u00e1n, el Lic. Maximiliano Olivera y la Lic. Alejandra C\u00e1ceres encabezaron la reuni\u00f3n, aportando su experiencia y compromiso para garantizar el \u00e9xito de la iniciativa.<\/p>\n\n\n\n<p>La convocatoria a la comunidad para participar en este evento est\u00e1 abierta, y <strong>se invita a visitar los stands los d\u00edas 14 y 21 de marzo, en las instalaciones de la UCSE, en horario de 9 a 13hs<\/strong>. Este espacio no solo representa una oportunidad para los emprendedores locales de exhibir y comercializar sus productos, sino que tambi\u00e9n fomenta la conexi\u00f3n entre la comunidad y los proyectos sustentables de la regi\u00f3n.<\/p>\n\n\n\n<p>La edici\u00f3n 2024 de la Feria Artesanal y Productos de Huerta UCSE promete ser un evento enriquecedor y diverso, consolidando su posici\u00f3n como un referente en la promoci\u00f3n de la creatividad local y el impulso a la econom\u00eda sostenible. La a<strong>daptaci\u00f3n a una versi\u00f3n virtual<\/strong> permite ampliar la audiencia y garantizar la participaci\u00f3n de aquellos interesados que no pueden asistir presencialmente.<\/p>\n\n\n\n<p>En un esfuerzo conjunto, la Prosecretar\u00eda de Extensi\u00f3n y Vinculaci\u00f3n y los emprendedores locales trabajan para ofrecer a la comunidad una experiencia integral que celebre la diversidad de talentos y productos de la regi\u00f3n.<\/p>\n","protected":false},"excerpt":{"rendered":"<p>El pasado martes se llev\u00f3 a cabo la reuni\u00f3n entre Prosecretar\u00eda de Extensi\u00f3n y Vinculaci\u00f3n de la Facultad de Ciencias de la Salud y diversos feriantes con el objetivo de organizar la nueva edici\u00f3n de la Feria Artesanal y Productos de Huerta UCSE <\/p>\n","protected":false},"author":2,"featured_media":10140,"comment_status":"closed","ping_status":"","sticky":false,"template":"","format":"standard","meta":{"_exactmetrics_skip_tracking":false,"_exactmetrics_sitenote_active":false,"_exactmetrics_sitenote_note":"","_exactmetrics_sitenote_category":0,"footnotes":""},"categories":[11,9,72],"tags":[111],"_links":{"self":[{"href":"https:\/\/www.ucse.edu.ar\/notiucse\/wp-json\/wp\/v2\/posts\/10139"}],"collection":[{"href":"https:\/\/www.ucse.edu.ar\/notiucse\/wp-json\/wp\/v2\/posts"}],"about":[{"href":"https:\/\/www.ucse.edu.ar\/notiucse\/wp-json\/wp\/v2\/types\/post"}],"author":[{"embeddable":true,"href":"https:\/\/www.ucse.edu.ar\/notiucse\/wp-json\/wp\/v2\/users\/2"}],"replies":[{"embeddable":true,"href":"https:\/\/www.ucse.edu.ar\/notiucse\/wp-json\/wp\/v2\/comments?post=10139"}],"version-history":[{"count":4,"href":"https:\/\/www.ucse.edu.ar\/notiucse\/wp-json\/wp\/v2\/posts\/10139\/revisions"}],"predecessor-version":[{"id":10146,"href":"https:\/\/www.ucse.edu.ar\/notiucse\/wp-json\/wp\/v2\/posts\/10139\/revisions\/10146"}],"wp:featuredmedia":[{"embeddable":true,"href":"https:\/\/www.ucse.edu.ar\/notiucse\/wp-json\/wp\/v2\/media\/10140"}],"wp:attachment":[{"href":"https:\/\/www.ucse.edu.ar\/notiucse\/wp-json\/wp\/v2\/media?parent=10139"}],"wp:term":[{"taxonomy":"category","embeddable":true,"href":"https:\/\/www.ucse.edu.ar\/notiucse\/wp-json\/wp\/v2\/categories?post=10139"},{"taxonomy":"post_tag","embeddable":true,"href":"https:\/\/www.ucse.edu.ar\/notiucse\/wp-json\/wp\/v2\/tags?post=10139"}],"curies":[{"name":"wp","href":"https:\/\/api.w.org\/{rel}","templated":true}]}}