{"id":10151,"date":"2024-03-08T18:55:21","date_gmt":"2024-03-08T21:55:21","guid":{"rendered":"http:\/\/www.ucse.edu.ar\/notiucse\/?p=10151"},"modified":"2024-03-08T19:00:58","modified_gmt":"2024-03-08T22:00:58","slug":"la-carrera-de-psicologia-en-sede-jujuy-celebra-su-egreso-numero-200","status":"publish","type":"post","link":"https:\/\/www.ucse.edu.ar\/notiucse\/2024\/03\/08\/la-carrera-de-psicologia-en-sede-jujuy-celebra-su-egreso-numero-200\/","title":{"rendered":"La Carrera de Psicolog\u00eda en Sede Jujuy Celebra a su Egresada N\u00famero 200"},"content":{"rendered":"\n<p>Desde el <strong>Departamento Acad\u00e9mico de la sede Jujuy<\/strong> de la Universidad Cat\u00f3lica de Santiago del Estero (UCSE) conmemor\u00f3 un hito significativo el pasado 7 de marzo al alcanzar los<strong> 200 egresados en la carrera de Psicolog\u00eda<\/strong>. La graduaci\u00f3n n\u00famero 200 fue protagonizada por<strong> Gabriela Araceli Moreno<\/strong>, quien present\u00f3 su Trabajo Final de Grado titulado &#8220;Nivel de Resiliencia con Relaci\u00f3n al Sexo y Edad de los Cuidadores Primarios de J\u00f3venes y Adultos Diagnosticados por Par\u00e1lisis Cerebral&#8221; obteniendo una calificaci\u00f3n perfecta<\/p>\n\n\n\n<p>La historia de la licenciatura en psicolog\u00eda en Jujuy se remonta al a\u00f1o 2002, cuando la instituci\u00f3n dio inicio a la impartici\u00f3n de la carrera en la regi\u00f3n. No fue hasta el a\u00f1o 2009 que se registr\u00f3 el primer egreso. En este lapso de tiempo, la carrera ha dejado una marca profunda en la comunidad local, consolid\u00e1ndose como un referente acad\u00e9mico en la formaci\u00f3n de profesionales en Psicolog\u00eda <\/p>\n\n\n<div class=\"wp-block-image\">\n<figure class=\"alignleft size-large is-resized\"><a href=\"http:\/\/www.ucse.edu.ar\/notiucse\/wp-content\/uploads\/2024\/03\/egresada-200.jpg\"><img fetchpriority=\"high\" decoding=\"async\" width=\"1024\" height=\"1024\" src=\"http:\/\/www.ucse.edu.ar\/notiucse\/wp-content\/uploads\/2024\/03\/egresada-200-1024x1024.jpg\" alt=\"\" class=\"wp-image-10153\" style=\"width:467px;height:auto\" srcset=\"https:\/\/www.ucse.edu.ar\/notiucse\/wp-content\/uploads\/2024\/03\/egresada-200-1024x1024.jpg 1024w, https:\/\/www.ucse.edu.ar\/notiucse\/wp-content\/uploads\/2024\/03\/egresada-200-300x300.jpg 300w, https:\/\/www.ucse.edu.ar\/notiucse\/wp-content\/uploads\/2024\/03\/egresada-200-150x150.jpg 150w, https:\/\/www.ucse.edu.ar\/notiucse\/wp-content\/uploads\/2024\/03\/egresada-200-1536x1536.jpg 1536w, https:\/\/www.ucse.edu.ar\/notiucse\/wp-content\/uploads\/2024\/03\/egresada-200-2048x2048.jpg 2048w\" sizes=\"(max-width: 1024px) 100vw, 1024px\" \/><\/a><\/figure><\/div>\n\n\n<p>Gabriela Moreno, la psic\u00f3loga n\u00famero 200, tuvo como directora de tesis a la <strong>Dra. Laila S\u00e1nchez<\/strong>, y su trabajo fue evaluado por un tribunal integrado por los destacados docentes Med. Lidia Lage, Lic. Claudia Chireno y Lic. Gabriel Rojas. El t\u00edtulo de su investigaci\u00f3n revela la profundidad y diversidad de los temas abordados por los egresados de la carrera, destacando la importancia de la resiliencia en los cuidadores de personas con par\u00e1lisis cerebral.<\/p>\n\n\n\n<p><strong>La actual directora de la carrera, la Licenciada Gladis Apaza<\/strong>, enfatiz\u00f3 la relevancia de la psicolog\u00eda en la comunidad, subrayando la misi\u00f3n de generar un \u00e1mbito de conocimiento e investigaci\u00f3n centrado en la promoci\u00f3n de la subjetividad. Apaza resalta la inclusi\u00f3n de diversos modelos te\u00f3ricos, a pesar de las tensiones inherentes a los procesos cient\u00edficos, como un aspecto fundamental en la formaci\u00f3n de los futuros profesionales de la psicolog\u00eda en Jujuy.<\/p>\n\n\n\n<p>Con 200 egresados, la carrera de Psicolog\u00eda en Jujuy se consolida como un pilar acad\u00e9mico, contribuyendo al desarrollo del campo cultural y cient\u00edfico, y formando profesionales comprometidos con la comprensi\u00f3n y abordaje de las complejidades de la psique humana.<\/p>\n","protected":false},"excerpt":{"rendered":"<p>El DASS celebra a la licenciada n\u00famero 200, marcando un hito en la formaci\u00f3n de profesionales en Jujuy <\/p>\n","protected":false},"author":2,"featured_media":10152,"comment_status":"closed","ping_status":"","sticky":false,"template":"","format":"standard","meta":{"_exactmetrics_skip_tracking":false,"_exactmetrics_sitenote_active":false,"_exactmetrics_sitenote_note":"","_exactmetrics_sitenote_category":0,"footnotes":""},"categories":[73,19],"tags":[],"_links":{"self":[{"href":"https:\/\/www.ucse.edu.ar\/notiucse\/wp-json\/wp\/v2\/posts\/10151"}],"collection":[{"href":"https:\/\/www.ucse.edu.ar\/notiucse\/wp-json\/wp\/v2\/posts"}],"about":[{"href":"https:\/\/www.ucse.edu.ar\/notiucse\/wp-json\/wp\/v2\/types\/post"}],"author":[{"embeddable":true,"href":"https:\/\/www.ucse.edu.ar\/notiucse\/wp-json\/wp\/v2\/users\/2"}],"replies":[{"embeddable":true,"href":"https:\/\/www.ucse.edu.ar\/notiucse\/wp-json\/wp\/v2\/comments?post=10151"}],"version-history":[{"count":3,"href":"https:\/\/www.ucse.edu.ar\/notiucse\/wp-json\/wp\/v2\/posts\/10151\/revisions"}],"predecessor-version":[{"id":10156,"href":"https:\/\/www.ucse.edu.ar\/notiucse\/wp-json\/wp\/v2\/posts\/10151\/revisions\/10156"}],"wp:featuredmedia":[{"embeddable":true,"href":"https:\/\/www.ucse.edu.ar\/notiucse\/wp-json\/wp\/v2\/media\/10152"}],"wp:attachment":[{"href":"https:\/\/www.ucse.edu.ar\/notiucse\/wp-json\/wp\/v2\/media?parent=10151"}],"wp:term":[{"taxonomy":"category","embeddable":true,"href":"https:\/\/www.ucse.edu.ar\/notiucse\/wp-json\/wp\/v2\/categories?post=10151"},{"taxonomy":"post_tag","embeddable":true,"href":"https:\/\/www.ucse.edu.ar\/notiucse\/wp-json\/wp\/v2\/tags?post=10151"}],"curies":[{"name":"wp","href":"https:\/\/api.w.org\/{rel}","templated":true}]}}