{"id":10182,"date":"2024-03-12T12:28:30","date_gmt":"2024-03-12T15:28:30","guid":{"rendered":"http:\/\/www.ucse.edu.ar\/notiucse\/?p=10182"},"modified":"2024-03-12T12:28:30","modified_gmt":"2024-03-12T15:28:30","slug":"apertura-del-ciclo-radial-la-septima-obsesion-un-viaje-auditivo-por-el-mundo-del-cine-y-las-series","status":"publish","type":"post","link":"https:\/\/www.ucse.edu.ar\/notiucse\/2024\/03\/12\/apertura-del-ciclo-radial-la-septima-obsesion-un-viaje-auditivo-por-el-mundo-del-cine-y-las-series\/","title":{"rendered":"Apertura del Ciclo Radial &#8220;La S\u00e9ptima Obsesi\u00f3n&#8221;: Un viaje auditivo por el mundo del cine y las series"},"content":{"rendered":"\n<p>En un evento que promete cautivar los o\u00eddos de todos los amantes del s\u00e9ptimo arte, <strong>hoy martes 12 de marzo a las 15 horas marca el inicio del ciclo radial &#8220;La S\u00e9ptima Obsesi\u00f3n&#8221;<\/strong>. Este programa, que <strong>se transmitir\u00e1 a trav\u00e9s de Radio Estudio Uno FM 104.<\/strong>9, es una<strong> iniciativa encabezada por el Lic. Pablo Arga\u00f1aras <\/strong>en colaboraci\u00f3n con los estudiantes de 4to a\u00f1o de la Licenciatura en Comunicaci\u00f3n Social y de la Tecnicatura en Producci\u00f3n Audiovisual.<\/p>\n\n\n<div class=\"wp-block-image\">\n<figure class=\"alignleft size-large is-resized\"><a href=\"http:\/\/www.ucse.edu.ar\/notiucse\/wp-content\/uploads\/2024\/03\/WhatsApp-Image-2024-03-12-at-11.30.31-1.jpeg\"><img fetchpriority=\"high\" decoding=\"async\" width=\"1024\" height=\"1024\" src=\"http:\/\/www.ucse.edu.ar\/notiucse\/wp-content\/uploads\/2024\/03\/WhatsApp-Image-2024-03-12-at-11.30.31-1-1024x1024.jpeg\" alt=\"\" class=\"wp-image-10185\" style=\"width:365px;height:auto\" srcset=\"https:\/\/www.ucse.edu.ar\/notiucse\/wp-content\/uploads\/2024\/03\/WhatsApp-Image-2024-03-12-at-11.30.31-1-1024x1024.jpeg 1024w, https:\/\/www.ucse.edu.ar\/notiucse\/wp-content\/uploads\/2024\/03\/WhatsApp-Image-2024-03-12-at-11.30.31-1-300x300.jpeg 300w, https:\/\/www.ucse.edu.ar\/notiucse\/wp-content\/uploads\/2024\/03\/WhatsApp-Image-2024-03-12-at-11.30.31-1-150x150.jpeg 150w, https:\/\/www.ucse.edu.ar\/notiucse\/wp-content\/uploads\/2024\/03\/WhatsApp-Image-2024-03-12-at-11.30.31-1-1536x1536.jpeg 1536w, https:\/\/www.ucse.edu.ar\/notiucse\/wp-content\/uploads\/2024\/03\/WhatsApp-Image-2024-03-12-at-11.30.31-1-2048x2048.jpeg 2048w\" sizes=\"(max-width: 1024px) 100vw, 1024px\" \/><\/a><figcaption class=\"wp-element-caption\"><em>Equipo de &#8220;La S\u00e9ptima Obsesi\u00f3n&#8221;<\/em><\/figcaption><\/figure><\/div>\n\n\n<p>La propuesta de &#8220;La S\u00e9ptima Obsesi\u00f3n&#8221; busca a un p\u00fablico diverso, sin l\u00edmite de edad, pero especialmente <strong>dedicado a aquellos que comparten el amor por lo audiovisua<\/strong>l. Desde cin\u00e9filos apasionados hasta aquellos que disfrutan de una buena pel\u00edcula o serie en su tiempo libre, este ciclo tiene algo para todos.<\/p>\n\n\n\n<p>El Lic. Pablo Arga\u00f1aras, ha orquestado un programa que <strong>abarca tanto los tiempos cl\u00e1sicos como los contempor\u00e1neos <\/strong>del mundo audiovisual. La intenci\u00f3n es explorar la riqueza y la evoluci\u00f3n de esta forma de arte que ha capturado la imaginaci\u00f3n de audiencias en todo el mundo.<\/p>\n\n\n\n<p>Los temas que se abordar\u00e1n incluyen an\u00e1lisis profundos de pel\u00edculas y series destacadas, as\u00ed como una mirada detallada a las premiaciones m\u00e1s relevantes de la industria. El programa no solo ofrecer\u00e1 rese\u00f1as y comentarios, sino que <strong>se sumergir\u00e1 en un an\u00e1lisis completo de la narrativa<\/strong>, la cinematograf\u00eda, la direcci\u00f3n y otros aspectos que hacen que estas obras destaquen.<\/p>\n\n\n\n<p>Para aquellos que buscan una experiencia enriquecedora y entretenida, &#8220;La S\u00e9ptima Obsesi\u00f3n&#8221; se presenta como la opci\u00f3n ideal. Este inicio del ciclo radial promete ser un lugar que ahonda en la magia del cine y las series.<\/p>\n","protected":false},"excerpt":{"rendered":"<p>Hoy en Radio Estudio Uno FM 104.9 se da inicio a una nueva edici\u00f3n de la programaci\u00f3n radial especializada en lo audiovisual. Conoce los detalles de este programa<\/p>\n","protected":false},"author":2,"featured_media":10184,"comment_status":"closed","ping_status":"","sticky":false,"template":"","format":"standard","meta":{"_exactmetrics_skip_tracking":false,"_exactmetrics_sitenote_active":false,"_exactmetrics_sitenote_note":"","_exactmetrics_sitenote_category":0,"footnotes":""},"categories":[11,73],"tags":[52,112,46],"_links":{"self":[{"href":"https:\/\/www.ucse.edu.ar\/notiucse\/wp-json\/wp\/v2\/posts\/10182"}],"collection":[{"href":"https:\/\/www.ucse.edu.ar\/notiucse\/wp-json\/wp\/v2\/posts"}],"about":[{"href":"https:\/\/www.ucse.edu.ar\/notiucse\/wp-json\/wp\/v2\/types\/post"}],"author":[{"embeddable":true,"href":"https:\/\/www.ucse.edu.ar\/notiucse\/wp-json\/wp\/v2\/users\/2"}],"replies":[{"embeddable":true,"href":"https:\/\/www.ucse.edu.ar\/notiucse\/wp-json\/wp\/v2\/comments?post=10182"}],"version-history":[{"count":2,"href":"https:\/\/www.ucse.edu.ar\/notiucse\/wp-json\/wp\/v2\/posts\/10182\/revisions"}],"predecessor-version":[{"id":10187,"href":"https:\/\/www.ucse.edu.ar\/notiucse\/wp-json\/wp\/v2\/posts\/10182\/revisions\/10187"}],"wp:featuredmedia":[{"embeddable":true,"href":"https:\/\/www.ucse.edu.ar\/notiucse\/wp-json\/wp\/v2\/media\/10184"}],"wp:attachment":[{"href":"https:\/\/www.ucse.edu.ar\/notiucse\/wp-json\/wp\/v2\/media?parent=10182"}],"wp:term":[{"taxonomy":"category","embeddable":true,"href":"https:\/\/www.ucse.edu.ar\/notiucse\/wp-json\/wp\/v2\/categories?post=10182"},{"taxonomy":"post_tag","embeddable":true,"href":"https:\/\/www.ucse.edu.ar\/notiucse\/wp-json\/wp\/v2\/tags?post=10182"}],"curies":[{"name":"wp","href":"https:\/\/api.w.org\/{rel}","templated":true}]}}