{"id":10188,"date":"2024-03-13T09:27:59","date_gmt":"2024-03-13T12:27:59","guid":{"rendered":"http:\/\/www.ucse.edu.ar\/notiucse\/?p=10188"},"modified":"2024-03-13T09:36:34","modified_gmt":"2024-03-13T12:36:34","slug":"jornada-academica-decana-de-la-ucse-participo-del-encuentro-de-la-red-de-facultades-de-derecho-de-universidades-catolicas","status":"publish","type":"post","link":"https:\/\/www.ucse.edu.ar\/notiucse\/2024\/03\/13\/jornada-academica-decana-de-la-ucse-participo-del-encuentro-de-la-red-de-facultades-de-derecho-de-universidades-catolicas\/","title":{"rendered":"Jornada Acad\u00e9mica: Decana de la UCSE Particip\u00f3 del Encuentro de la Red de Facultades de Derecho de Universidades Cat\u00f3licas"},"content":{"rendered":"\n<p>En un contexto marcado por la celebraci\u00f3n del sexag\u00e9simo aniversario de la Universidad Cat\u00f3lica de La Plata, <strong>la Decana de la Facultad de Ciencias Pol\u00edticas, Sociales y Jur\u00eddicas de la UCSE, la Abog. Liliana Abdala<\/strong>, se sum\u00f3 al \u00faltimo encuentro de la <strong>Red de Facultades de Derecho de Universidades Cat\u00f3licas y de Orientaci\u00f3n Cat\u00f3lica<\/strong>. El evento, celebrado el pasado 8 de marzo en la ciudad de La Plata, congreg\u00f3 a destacadas autoridades acad\u00e9micas de diversas instituciones del pa\u00eds.<\/p>\n\n\n\n<p>Entre los participantes destacados, se cont\u00f3 con la presencia de los decanos de las Facultades de Derecho de universidades como la Cat\u00f3lica Argentina en sus sedes de CABA y Rosario, la Cat\u00f3lica de Cuyo en San Luis y San Juan, la Cat\u00f3lica de C\u00f3rdoba, la Cat\u00f3lica de Santa Fe, la Universidad del Salvador, la Universidad de San Isidro, UFASTA y la Universidad Cat\u00f3lica de Santiago del Estero.<\/p>\n\n\n\n<p>Las actividades, que iniciaron en el rectorado de la Universidad anfitriona con una c\u00e1lida bienvenida por parte de la <strong>Rectora Prof. Rita Gajate<\/strong>, incluyeron una enriquecedora visita guiada a la Catedral de la Inmaculada Concepci\u00f3n y al casco hist\u00f3rico de la ciudad. Posteriormente, se dio paso a una jornada de trabajo que abord\u00f3 temas de relevancia para el \u00e1mbito acad\u00e9mico y jur\u00eddico.<\/p>\n\n\n\n<p>Entre los puntos destacados del encuentro, se deline\u00f3 la organizaci\u00f3n del primer encuentro de estudiantes, programado para realizarse en la ciudad de C\u00f3rdoba en septiembre, con fecha a\u00fan por confirmar. Los debates giraron en torno a las tem\u00e1ticas a abordar, donde se compartieron los ejes de trabajo de la Red Universitaria Latinoamericana para el Cuidado de la Casa Com\u00fan (RUC).<\/p>\n\n\n\n<p>Adem\u00e1s, se discuti\u00f3 la iniciativa de vincular directores de carrera y docentes de distintas c\u00e1tedras, as\u00ed como compartir actividades de posgrado para fortalecer la capacitaci\u00f3n docente. Tambi\u00e9n se abordaron los desaf\u00edos que plantean las nuevas tecnolog\u00edas y la Inteligencia Artificial en la ense\u00f1anza del Derecho, compartiendo experiencias entre las distintas Unidades Acad\u00e9micas.<\/p>\n\n\n\n<p>De manera simult\u00e1nea, se llev\u00f3 a cabo un encuentro de los responsables de investigaci\u00f3n de las Facultades, donde se destacaron los avances en la difusi\u00f3n y transferencia de proyectos en ejecuci\u00f3n, as\u00ed como la consolidaci\u00f3n de v\u00ednculos para potenciar la participaci\u00f3n en proyectos interinstitucionales durante este a\u00f1o. Asimismo, se trabaj\u00f3 en la pr\u00f3xima edici\u00f3n de la revista de la Red, a ser publicada a mediados de a\u00f1o.<\/p>\n\n\n\n<p>Como cierre del evento, se acord\u00f3 la <strong>realizaci\u00f3n del pr\u00f3ximo encuentro de la red en septiembre, coincidiendo con el encuentro de estudiantes<\/strong>. Este compromiso refuerza el intercambio y la colaboraci\u00f3n entre las distintas instituciones educativas, fortaleciendo el desarrollo acad\u00e9mico y la formaci\u00f3n integral de los estudiantes en el campo del Derecho y las Ciencias Sociales.<\/p>\n","protected":false},"excerpt":{"rendered":"<p>La Decana de la Facultad de Ciencias Pol\u00edticas, Sociales y Jur\u00eddicas, Abogada Liliana Abdala, particip\u00f3 en el intercambio y colaboraci\u00f3n entre facultades de derecho de universidades cat\u00f3licas y de orientaci\u00f3n cat\u00f3lica de todo el pa\u00eds <\/p>\n","protected":false},"author":2,"featured_media":10189,"comment_status":"closed","ping_status":"","sticky":false,"template":"","format":"standard","meta":{"_exactmetrics_skip_tracking":false,"_exactmetrics_sitenote_active":false,"_exactmetrics_sitenote_note":"","_exactmetrics_sitenote_category":0,"footnotes":""},"categories":[5,73],"tags":[],"_links":{"self":[{"href":"https:\/\/www.ucse.edu.ar\/notiucse\/wp-json\/wp\/v2\/posts\/10188"}],"collection":[{"href":"https:\/\/www.ucse.edu.ar\/notiucse\/wp-json\/wp\/v2\/posts"}],"about":[{"href":"https:\/\/www.ucse.edu.ar\/notiucse\/wp-json\/wp\/v2\/types\/post"}],"author":[{"embeddable":true,"href":"https:\/\/www.ucse.edu.ar\/notiucse\/wp-json\/wp\/v2\/users\/2"}],"replies":[{"embeddable":true,"href":"https:\/\/www.ucse.edu.ar\/notiucse\/wp-json\/wp\/v2\/comments?post=10188"}],"version-history":[{"count":5,"href":"https:\/\/www.ucse.edu.ar\/notiucse\/wp-json\/wp\/v2\/posts\/10188\/revisions"}],"predecessor-version":[{"id":10194,"href":"https:\/\/www.ucse.edu.ar\/notiucse\/wp-json\/wp\/v2\/posts\/10188\/revisions\/10194"}],"wp:featuredmedia":[{"embeddable":true,"href":"https:\/\/www.ucse.edu.ar\/notiucse\/wp-json\/wp\/v2\/media\/10189"}],"wp:attachment":[{"href":"https:\/\/www.ucse.edu.ar\/notiucse\/wp-json\/wp\/v2\/media?parent=10188"}],"wp:term":[{"taxonomy":"category","embeddable":true,"href":"https:\/\/www.ucse.edu.ar\/notiucse\/wp-json\/wp\/v2\/categories?post=10188"},{"taxonomy":"post_tag","embeddable":true,"href":"https:\/\/www.ucse.edu.ar\/notiucse\/wp-json\/wp\/v2\/tags?post=10188"}],"curies":[{"name":"wp","href":"https:\/\/api.w.org\/{rel}","templated":true}]}}