{"id":10250,"date":"2024-03-18T16:00:34","date_gmt":"2024-03-18T19:00:34","guid":{"rendered":"http:\/\/www.ucse.edu.ar\/notiucse\/?p=10250"},"modified":"2024-03-18T16:00:34","modified_gmt":"2024-03-18T19:00:34","slug":"inicio-el-ciclo-academico-2024-en-la-sede-jujuy-de-la-ucse","status":"publish","type":"post","link":"https:\/\/www.ucse.edu.ar\/notiucse\/2024\/03\/18\/inicio-el-ciclo-academico-2024-en-la-sede-jujuy-de-la-ucse\/","title":{"rendered":"Inici\u00f3 el Ciclo Acad\u00e9mico 2024 en la Sede Jujuy de la UCSE"},"content":{"rendered":"\n<p>Con un emotivo acto celebrado en el sal\u00f3n &#8220;Delly Brunelli de Antor\u00e1z&#8221;, <strong>la sede Jujuy de la Universidad Cat\u00f3lica de Santiago del Estero (UCSE) dio inicio al ciclo lectivo 2024<\/strong>, retomando as\u00ed su amplia y variada oferta educativa.<\/p>\n\n\n\n<p>El evento cont\u00f3 con la presencia destacada del <strong>decano Marcelo Brunet, la vicedecana Marta Najarro y el Padre Roberto Mamani<\/strong>, quienes presidieron el acto. Asistieron tambi\u00e9n docentes, directores de carreras, personal administrativo, estudiantes y sus familiares. <\/p>\n\n\n<div class=\"wp-block-image\">\n<figure class=\"alignleft size-large is-resized\"><a href=\"http:\/\/www.ucse.edu.ar\/notiucse\/wp-content\/uploads\/2024\/03\/432773261_801121025394526_6723836921652148388_n-1.jpg\"><img fetchpriority=\"high\" decoding=\"async\" width=\"1024\" height=\"1024\" src=\"http:\/\/www.ucse.edu.ar\/notiucse\/wp-content\/uploads\/2024\/03\/432773261_801121025394526_6723836921652148388_n-1-1024x1024.jpg\" alt=\"\" class=\"wp-image-10253\" style=\"width:467px;height:auto\" srcset=\"https:\/\/www.ucse.edu.ar\/notiucse\/wp-content\/uploads\/2024\/03\/432773261_801121025394526_6723836921652148388_n-1-1024x1024.jpg 1024w, https:\/\/www.ucse.edu.ar\/notiucse\/wp-content\/uploads\/2024\/03\/432773261_801121025394526_6723836921652148388_n-1-300x300.jpg 300w, https:\/\/www.ucse.edu.ar\/notiucse\/wp-content\/uploads\/2024\/03\/432773261_801121025394526_6723836921652148388_n-1-150x150.jpg 150w, https:\/\/www.ucse.edu.ar\/notiucse\/wp-content\/uploads\/2024\/03\/432773261_801121025394526_6723836921652148388_n-1-1536x1536.jpg 1536w, https:\/\/www.ucse.edu.ar\/notiucse\/wp-content\/uploads\/2024\/03\/432773261_801121025394526_6723836921652148388_n-1-2048x2048.jpg 2048w\" sizes=\"(max-width: 1024px) 100vw, 1024px\" \/><\/a><\/figure><\/div>\n\n\n<p>Durante la ceremonia, <strong>se llev\u00f3 a cabo la entrega de las becas Premios UCSE a los mejores promedios del nivel secundario que ingresan este a\u00f1o al D.A.S.S<\/strong> (Departamento Acad\u00e9mico San Salvador) para iniciar sus estudios en la sede juje\u00f1a. El decano resalt\u00f3 la importancia de este gesto, mencionando que &#8220;<em>Hoy 18 estudiantes juje\u00f1os ser\u00e1n distinguidos con un gesto de confianza por parte de la UCSE; 18 estudiantes recibir\u00e1n su premio UCSE que les garantiza su primer a\u00f1o de estudios sin erogaciones. Es un aporte que representa m\u00e1s de 23 millones y medio de pesos. Confiamos en que sabr\u00e1n aprovechar la oportunidad y contagiar las ganas de aprender y compartir con muchos otros j\u00f3venes juje\u00f1os<\/em>&#8221; <\/p>\n\n\n\n<p>Asimismo, se realiz\u00f3 un merecido <strong>homenaje por los treinta a\u00f1os de servicio en la instituci\u00f3n a la profesora Marta Najarro, al docente Hugo Hobart y al personal de maestranza Sara Troncoso<\/strong>, quienes fueron reconocidos con diplomas y obsequios en agradecimiento a su dedicaci\u00f3n y compromiso con la educaci\u00f3n.<\/p>\n\n\n\n<p>Es importante destacar que durante este a\u00f1o, tanto el Anexo como el edificio ubicado en Lavalle 333, se encuentran funcionando a pleno. <strong>Se espera la incorporaci\u00f3n de m\u00e1s de 1000 nuevos ingresantes para cursar una oferta educativa<\/strong> que incluye 16 carreras de grado, 2 ciclos de complementaci\u00f3n y uno en Experto en Educaci\u00f3n Superior. <\/p>\n","protected":false},"excerpt":{"rendered":"<p>A trav\u00e9s de un acto acad\u00e9mico el D.A.S.S inici\u00f3 su ciclo lectivo donde agasajaron a ingresantes, alumnos y personal de la instituci\u00f3n.  <\/p>\n","protected":false},"author":2,"featured_media":10251,"comment_status":"closed","ping_status":"","sticky":false,"template":"","format":"standard","meta":{"_exactmetrics_skip_tracking":false,"_exactmetrics_sitenote_active":false,"_exactmetrics_sitenote_note":"","_exactmetrics_sitenote_category":0,"footnotes":""},"categories":[73,19],"tags":[52],"_links":{"self":[{"href":"https:\/\/www.ucse.edu.ar\/notiucse\/wp-json\/wp\/v2\/posts\/10250"}],"collection":[{"href":"https:\/\/www.ucse.edu.ar\/notiucse\/wp-json\/wp\/v2\/posts"}],"about":[{"href":"https:\/\/www.ucse.edu.ar\/notiucse\/wp-json\/wp\/v2\/types\/post"}],"author":[{"embeddable":true,"href":"https:\/\/www.ucse.edu.ar\/notiucse\/wp-json\/wp\/v2\/users\/2"}],"replies":[{"embeddable":true,"href":"https:\/\/www.ucse.edu.ar\/notiucse\/wp-json\/wp\/v2\/comments?post=10250"}],"version-history":[{"count":1,"href":"https:\/\/www.ucse.edu.ar\/notiucse\/wp-json\/wp\/v2\/posts\/10250\/revisions"}],"predecessor-version":[{"id":10254,"href":"https:\/\/www.ucse.edu.ar\/notiucse\/wp-json\/wp\/v2\/posts\/10250\/revisions\/10254"}],"wp:featuredmedia":[{"embeddable":true,"href":"https:\/\/www.ucse.edu.ar\/notiucse\/wp-json\/wp\/v2\/media\/10251"}],"wp:attachment":[{"href":"https:\/\/www.ucse.edu.ar\/notiucse\/wp-json\/wp\/v2\/media?parent=10250"}],"wp:term":[{"taxonomy":"category","embeddable":true,"href":"https:\/\/www.ucse.edu.ar\/notiucse\/wp-json\/wp\/v2\/categories?post=10250"},{"taxonomy":"post_tag","embeddable":true,"href":"https:\/\/www.ucse.edu.ar\/notiucse\/wp-json\/wp\/v2\/tags?post=10250"}],"curies":[{"name":"wp","href":"https:\/\/api.w.org\/{rel}","templated":true}]}}