{"id":10255,"date":"2024-03-18T18:33:11","date_gmt":"2024-03-18T21:33:11","guid":{"rendered":"http:\/\/www.ucse.edu.ar\/notiucse\/?p=10255"},"modified":"2024-03-18T18:50:15","modified_gmt":"2024-03-18T21:50:15","slug":"sintonizados-inicia-su-primer-programa-del-2024-en-radio-estudio-uno","status":"publish","type":"post","link":"https:\/\/www.ucse.edu.ar\/notiucse\/2024\/03\/18\/sintonizados-inicia-su-primer-programa-del-2024-en-radio-estudio-uno\/","title":{"rendered":"Sintonizados Emiti\u00f3 Su Primer Programa del 2024 en Radio Estudio Uno"},"content":{"rendered":"\n<p>&#8220;Sintonizados&#8221; ha marcado el inicio del a\u00f1o con su primer programa de la edici\u00f3n 2024, <strong>transmitido en vivo todos los jueves de 17:00 a 18:30 horas por la frecuencia 104.9 FM de Radio Estudio Uno<\/strong>. <\/p>\n\n\n\n<p>Con el firme prop\u00f3sito de informar y educar al p\u00fablico en general y a la comunidad de la Universidad Cat\u00f3lica de Santiago del Estero (UCSE), este espacio se destaca por su <strong>contenido period\u00edstico propio y de calidad, basado en valores como la creatividad, responsabilidad, organizaci\u00f3n y respeto<\/strong> . A trav\u00e9s del p\u00fablico objetivo, Sintonizados se presenta como un <strong>punto de encuentro entre estudiantes, profesionales y directivos de la UCSE<\/strong>. <\/p>\n\n\n\n<p>El programa, que promete acompa\u00f1ar las tardes con las \u00faltimas noticias, entrevistas exclusivas y columnas informativas, ha dado inicio con gran \u00e9xito.<strong> En esta primera emisi\u00f3n, se inaugur\u00f3 una nueva secci\u00f3n de columnas radiales, provenientes de la Primera Convocatoria de Sintonizados (que a\u00fan est\u00e1 abierta hasta el 25 de marzo)<\/strong> <\/p>\n\n\n<div class=\"wp-block-image\">\n<figure class=\"alignleft size-large is-resized\"><a href=\"http:\/\/www.ucse.edu.ar\/notiucse\/wp-content\/uploads\/2024\/03\/Captura-de-pantalla-2024-03-18-182027.png\"><img fetchpriority=\"high\" decoding=\"async\" width=\"1024\" height=\"1024\" src=\"http:\/\/www.ucse.edu.ar\/notiucse\/wp-content\/uploads\/2024\/03\/Captura-de-pantalla-2024-03-18-182027-1024x1024.png\" alt=\"\" class=\"wp-image-10259\" style=\"width:443px;height:auto\" srcset=\"https:\/\/www.ucse.edu.ar\/notiucse\/wp-content\/uploads\/2024\/03\/Captura-de-pantalla-2024-03-18-182027-1024x1024.png 1024w, https:\/\/www.ucse.edu.ar\/notiucse\/wp-content\/uploads\/2024\/03\/Captura-de-pantalla-2024-03-18-182027-300x300.png 300w, https:\/\/www.ucse.edu.ar\/notiucse\/wp-content\/uploads\/2024\/03\/Captura-de-pantalla-2024-03-18-182027-150x150.png 150w, https:\/\/www.ucse.edu.ar\/notiucse\/wp-content\/uploads\/2024\/03\/Captura-de-pantalla-2024-03-18-182027-1536x1536.png 1536w, https:\/\/www.ucse.edu.ar\/notiucse\/wp-content\/uploads\/2024\/03\/Captura-de-pantalla-2024-03-18-182027-2048x2048.png 2048w\" sizes=\"(max-width: 1024px) 100vw, 1024px\" \/><\/a><figcaption class=\"wp-element-caption\"><em>Equipo de Sintonizados (izquierda a derecha): Luana Vazquez, Iara Yocca, Emmanuel Guerrero <\/em><\/figcaption><\/figure><\/div>\n\n\n<p>En esta ocasi\u00f3n,<strong> la primera columna inici\u00f3 con &#8220;Cannawaka &#8211; ONG Vida Mejor Sisa 1377&#8221;<\/strong>, destacando su misi\u00f3n en el campo del cannabis medicinal, futuros proyectos y la importancia del cannabis medicinal en la mejora de calidad de vida de sus pacientes. Tambi\u00e9n se discuti\u00f3 sobre los tab\u00faes relacionados al cannabis medicinal y su presencia en la industria nacional, as\u00ed como las leyes que lo regulan. <\/p>\n\n\n\n<p>Adem\u00e1s, <strong>el programa recibi\u00f3 al Lic. Jose Ignacio Sosa, representando al Gabinete de Orientaci\u00f3n Educativa,<\/strong> quien comparti\u00f3 experiencias y propuestas destinadas a los ingresantes que enfrentan dificultades para adaptarse a la vida universitaria. Se abordaron vivencias personales, miedos y temores comunes entre los estudiantes, <strong>destacando el lanzamiento de la nueva temporada del podcast del G.O.E, disponible en Spotify, c<\/strong>omo una experiencia \u00fatil para todos los alumnos que est\u00e9n cursando o iniciando su carrera universitaria. <\/p>\n\n\n\n<p>Con este comienzo, &#8220;Sintonizados&#8221; invita a todos los interesados a unirse al aire cada<strong> jueves de 17:00 a 18:30 por Radio Estudio Uno 104.9 FM<\/strong>, prometiendo a todos sus oyentes un espacio de informaci\u00f3n, reflexi\u00f3n y conexi\u00f3n para la comunidad universitaria y p\u00fablico en general. <\/p>\n","protected":false},"excerpt":{"rendered":"<p>Sintonizados, equipo conformado por Luana Vazquez, Iara Yocca y Emmanuel Guerrero inician el 2024 con una nueva edici\u00f3n del programa radial <\/p>\n","protected":false},"author":2,"featured_media":10256,"comment_status":"closed","ping_status":"","sticky":false,"template":"","format":"standard","meta":{"_exactmetrics_skip_tracking":false,"_exactmetrics_sitenote_active":false,"_exactmetrics_sitenote_note":"","_exactmetrics_sitenote_category":0,"footnotes":""},"categories":[11,72],"tags":[46,109],"_links":{"self":[{"href":"https:\/\/www.ucse.edu.ar\/notiucse\/wp-json\/wp\/v2\/posts\/10255"}],"collection":[{"href":"https:\/\/www.ucse.edu.ar\/notiucse\/wp-json\/wp\/v2\/posts"}],"about":[{"href":"https:\/\/www.ucse.edu.ar\/notiucse\/wp-json\/wp\/v2\/types\/post"}],"author":[{"embeddable":true,"href":"https:\/\/www.ucse.edu.ar\/notiucse\/wp-json\/wp\/v2\/users\/2"}],"replies":[{"embeddable":true,"href":"https:\/\/www.ucse.edu.ar\/notiucse\/wp-json\/wp\/v2\/comments?post=10255"}],"version-history":[{"count":6,"href":"https:\/\/www.ucse.edu.ar\/notiucse\/wp-json\/wp\/v2\/posts\/10255\/revisions"}],"predecessor-version":[{"id":10264,"href":"https:\/\/www.ucse.edu.ar\/notiucse\/wp-json\/wp\/v2\/posts\/10255\/revisions\/10264"}],"wp:featuredmedia":[{"embeddable":true,"href":"https:\/\/www.ucse.edu.ar\/notiucse\/wp-json\/wp\/v2\/media\/10256"}],"wp:attachment":[{"href":"https:\/\/www.ucse.edu.ar\/notiucse\/wp-json\/wp\/v2\/media?parent=10255"}],"wp:term":[{"taxonomy":"category","embeddable":true,"href":"https:\/\/www.ucse.edu.ar\/notiucse\/wp-json\/wp\/v2\/categories?post=10255"},{"taxonomy":"post_tag","embeddable":true,"href":"https:\/\/www.ucse.edu.ar\/notiucse\/wp-json\/wp\/v2\/tags?post=10255"}],"curies":[{"name":"wp","href":"https:\/\/api.w.org\/{rel}","templated":true}]}}