{"id":10278,"date":"2024-03-20T11:10:11","date_gmt":"2024-03-20T14:10:11","guid":{"rendered":"http:\/\/www.ucse.edu.ar\/notiucse\/?p=10278"},"modified":"2024-03-20T11:10:11","modified_gmt":"2024-03-20T14:10:11","slug":"la-facultad-de-ciencias-politicas-sociales-y-juridicas-y-el-colegio-de-abogados-de-santiago-del-estero-suscribiran-un-protocolo-especifico-de-cooperacion-academica","status":"publish","type":"post","link":"https:\/\/www.ucse.edu.ar\/notiucse\/2024\/03\/20\/la-facultad-de-ciencias-politicas-sociales-y-juridicas-y-el-colegio-de-abogados-de-santiago-del-estero-suscribiran-un-protocolo-especifico-de-cooperacion-academica\/","title":{"rendered":"La Facultad de Ciencias Pol\u00edticas, Sociales y Jur\u00eddicas y el Colegio de Abogados de Santiago del Estero Suscribir\u00e1n un Protocolo Espec\u00edfico de Cooperaci\u00f3n Acad\u00e9mica"},"content":{"rendered":"\n<p>En un acto de cooperaci\u00f3n y compromiso con la capacitaci\u00f3n jur\u00eddica de los operadores del Derecho santiague\u00f1o, la Facultad de Ciencias Pol\u00edticas, Sociales y Jur\u00eddicas de la UCSE, representada por la Sra. Decana, Abog. Esp. Liliana del Valle Abdala, y el Colegio de Abogados de Santiago del Estero, representado por su Presidente, Dr. Luis Alberto Miguel, han suscripto un<strong> Protocolo Espec\u00edfico enmarcado en el Convenio de Intercambio y Cooperaci\u00f3n Acad\u00e9mica y de Extensi\u00f3n Cultural<\/strong> oportunamente firmado por ambas instituciones.<\/p>\n\n\n\n<p>El referido Protocolo establece la <strong>colaboraci\u00f3n entre ambas entidades para la promoci\u00f3n y facilitaci\u00f3n de la capacitaci\u00f3n jur\u00eddica de los abogados matriculados<\/strong>. En virtud de ello, el <strong>Colegio de Abogados asume el compromiso de financiar hasta diez (10) Matr\u00edculas para la \u201cEspecializaci\u00f3n en Derecho Procesal\u201d y otras diez (10) para la \u201cEspecializaci\u00f3n de Derecho Penal\u201d<\/strong>, ambas carreras ofrecidas dentro de la Oferta Acad\u00e9mica de Posgrado 2024 de la Facultad.<\/p>\n\n\n\n<p>Para estos fines el <strong>Colegio Profesional determinar\u00e1 los requisitos que deber\u00e1n cumplir quienes aspiren a obtener el beneficio de estas becas<\/strong>, enfocadas en fortalecer la formaci\u00f3n posgradual de sus colegiados y contribuir al mejoramiento del Sistema de Administraci\u00f3n de Justicia en la provincia.<\/p>\n\n\n\n<p>Este Protocolo Espec\u00edfico ratifica una vez m\u00e1s el compromiso conjunto de la Facultad de Ciencias Pol\u00edticas, Sociales y Jur\u00eddicas de la UCSE y el Colegio de Abogados de Santiago del Estero en la promoci\u00f3n de la capacitaci\u00f3n jur\u00eddica y el fortalecimiento del ejercicio de la profesi\u00f3n en los abogados de la Provincia.<\/p>\n\n\n\n<p><\/p>\n","protected":false},"excerpt":{"rendered":"<p>El evento tomar\u00e1 lugar el viernes 22 de marzo a las 10 horas en la Sala de Consejo Superior UCSE. <\/p>\n","protected":false},"author":2,"featured_media":10282,"comment_status":"closed","ping_status":"","sticky":false,"template":"","format":"standard","meta":{"_exactmetrics_skip_tracking":false,"_exactmetrics_sitenote_active":false,"_exactmetrics_sitenote_note":"","_exactmetrics_sitenote_category":0,"footnotes":""},"categories":[5,73,72],"tags":[39],"_links":{"self":[{"href":"https:\/\/www.ucse.edu.ar\/notiucse\/wp-json\/wp\/v2\/posts\/10278"}],"collection":[{"href":"https:\/\/www.ucse.edu.ar\/notiucse\/wp-json\/wp\/v2\/posts"}],"about":[{"href":"https:\/\/www.ucse.edu.ar\/notiucse\/wp-json\/wp\/v2\/types\/post"}],"author":[{"embeddable":true,"href":"https:\/\/www.ucse.edu.ar\/notiucse\/wp-json\/wp\/v2\/users\/2"}],"replies":[{"embeddable":true,"href":"https:\/\/www.ucse.edu.ar\/notiucse\/wp-json\/wp\/v2\/comments?post=10278"}],"version-history":[{"count":4,"href":"https:\/\/www.ucse.edu.ar\/notiucse\/wp-json\/wp\/v2\/posts\/10278\/revisions"}],"predecessor-version":[{"id":10284,"href":"https:\/\/www.ucse.edu.ar\/notiucse\/wp-json\/wp\/v2\/posts\/10278\/revisions\/10284"}],"wp:featuredmedia":[{"embeddable":true,"href":"https:\/\/www.ucse.edu.ar\/notiucse\/wp-json\/wp\/v2\/media\/10282"}],"wp:attachment":[{"href":"https:\/\/www.ucse.edu.ar\/notiucse\/wp-json\/wp\/v2\/media?parent=10278"}],"wp:term":[{"taxonomy":"category","embeddable":true,"href":"https:\/\/www.ucse.edu.ar\/notiucse\/wp-json\/wp\/v2\/categories?post=10278"},{"taxonomy":"post_tag","embeddable":true,"href":"https:\/\/www.ucse.edu.ar\/notiucse\/wp-json\/wp\/v2\/tags?post=10278"}],"curies":[{"name":"wp","href":"https:\/\/api.w.org\/{rel}","templated":true}]}}