{"id":10289,"date":"2024-03-22T17:44:48","date_gmt":"2024-03-22T20:44:48","guid":{"rendered":"http:\/\/www.ucse.edu.ar\/notiucse\/?p=10289"},"modified":"2024-03-22T18:20:51","modified_gmt":"2024-03-22T21:20:51","slug":"tu-obra-en-una-foto-quedo-inaugurada-la-muestra-fotografica-de-arquitectos-jujenos-en-el-d-a-s-s","status":"publish","type":"post","link":"https:\/\/www.ucse.edu.ar\/notiucse\/2024\/03\/22\/tu-obra-en-una-foto-quedo-inaugurada-la-muestra-fotografica-de-arquitectos-jujenos-en-el-d-a-s-s\/","title":{"rendered":"\u201cTu obra en una foto&#8221;: Qued\u00f3 Inaugurada la Muestra Fotogr\u00e1fica de Arquitectos Juje\u00f1os en el D.A.S.S"},"content":{"rendered":"\n<p>La exposici\u00f3n<strong> &#8220;Tu Obra en una Foto: Obras de Arquitectos que Trabajan en Jujuy&#8221; <\/strong>ofrece una mirada cautivadora al trabajo de arquitectos locales, destacando su habilidad para transformar el entorno a trav\u00e9s de la fusi\u00f3n de arquitectura y fotograf\u00eda. Ubicada en el edificio anexo del Departamento Acad\u00e9mico San Salvador, esta muestra es el resultado de un acolaboraci\u00f3n entre el Colegio de Profesionales de la Arquitectura de Jujuy y la Direcci\u00f3n de la Carrera de Aquitectura del D.A.S.S<\/p>\n\n\n<div class=\"wp-block-image\">\n<figure class=\"alignleft size-large is-resized\"><a href=\"http:\/\/www.ucse.edu.ar\/notiucse\/wp-content\/uploads\/2024\/03\/muestra1.jpg\"><img fetchpriority=\"high\" decoding=\"async\" width=\"1024\" height=\"1024\" src=\"http:\/\/www.ucse.edu.ar\/notiucse\/wp-content\/uploads\/2024\/03\/muestra1-1024x1024.jpg\" alt=\"\" class=\"wp-image-10291\" style=\"width:467px;height:auto\" srcset=\"https:\/\/www.ucse.edu.ar\/notiucse\/wp-content\/uploads\/2024\/03\/muestra1-1024x1024.jpg 1024w, https:\/\/www.ucse.edu.ar\/notiucse\/wp-content\/uploads\/2024\/03\/muestra1-300x300.jpg 300w, https:\/\/www.ucse.edu.ar\/notiucse\/wp-content\/uploads\/2024\/03\/muestra1-150x150.jpg 150w, https:\/\/www.ucse.edu.ar\/notiucse\/wp-content\/uploads\/2024\/03\/muestra1-1536x1536.jpg 1536w, https:\/\/www.ucse.edu.ar\/notiucse\/wp-content\/uploads\/2024\/03\/muestra1-2048x2048.jpg 2048w\" sizes=\"(max-width: 1024px) 100vw, 1024px\" \/><\/a><\/figure><\/div>\n\n\n<p><strong>Con la direcci\u00f3n de la arquitecta Directora de la Carrera en el DASS, Mariana Z\u00e1rate, y la colaboraci\u00f3n de Pilar B\u00e1rcena del Colegio de Aquitectos de Jujuy<\/strong>, se han seleccionado cuiudadosamente <strong>46 fotograf\u00edas que capturan la esencia de las obras arquitect\u00f3nicas locales<\/strong>, tanto en la capital como en el interior de la provincia. Principalmente <strong>enfocadas en viviendas unifamiliares,<\/strong> estas im\u00e1genes reflejan la creatividad y t\u00e9cnica de los arquitectos juje\u00f1os. <\/p>\n\n\n\n<p>M\u00e1s all\u00e1 de ser una simple exhibici\u00f3n; esta muestra tiene objetivos claros<strong>: fortalecer los lazos entre el Colegio de Arquitectos y la U.C.S.E, como parte de un convenio previamente establecido, y difundir el talento arquitect\u00f3nico local entre los estudiantes de Arquitectura y la comunidad educativa en general<\/strong>. <\/p>\n\n\n\n<p><strong>Abierta al p\u00fablico hasta el 26 de abril,<\/strong> &#8220;Tu Obra en Una Foto&#8221; ofrece una oportujnidad para apreciar el impacto que la arquitectura puede tener en nuestro entorno, as\u00ed como para celebrar el talento y dedicaci\u00f3n de los arquitectos. <\/p>\n","protected":false},"excerpt":{"rendered":"<p>El Departamento Acad\u00e9mico de San Salvador extiende la invitaci\u00f3n a la comunidad estudiantil y p\u00fablico en general para asistir a una muestra fotogr\u00e1fica relacionada con la arquitectura <\/p>\n","protected":false},"author":2,"featured_media":10290,"comment_status":"closed","ping_status":"","sticky":false,"template":"","format":"standard","meta":{"_exactmetrics_skip_tracking":false,"_exactmetrics_sitenote_active":false,"_exactmetrics_sitenote_note":"","_exactmetrics_sitenote_category":0,"footnotes":""},"categories":[19],"tags":[52,110],"_links":{"self":[{"href":"https:\/\/www.ucse.edu.ar\/notiucse\/wp-json\/wp\/v2\/posts\/10289"}],"collection":[{"href":"https:\/\/www.ucse.edu.ar\/notiucse\/wp-json\/wp\/v2\/posts"}],"about":[{"href":"https:\/\/www.ucse.edu.ar\/notiucse\/wp-json\/wp\/v2\/types\/post"}],"author":[{"embeddable":true,"href":"https:\/\/www.ucse.edu.ar\/notiucse\/wp-json\/wp\/v2\/users\/2"}],"replies":[{"embeddable":true,"href":"https:\/\/www.ucse.edu.ar\/notiucse\/wp-json\/wp\/v2\/comments?post=10289"}],"version-history":[{"count":4,"href":"https:\/\/www.ucse.edu.ar\/notiucse\/wp-json\/wp\/v2\/posts\/10289\/revisions"}],"predecessor-version":[{"id":10296,"href":"https:\/\/www.ucse.edu.ar\/notiucse\/wp-json\/wp\/v2\/posts\/10289\/revisions\/10296"}],"wp:featuredmedia":[{"embeddable":true,"href":"https:\/\/www.ucse.edu.ar\/notiucse\/wp-json\/wp\/v2\/media\/10290"}],"wp:attachment":[{"href":"https:\/\/www.ucse.edu.ar\/notiucse\/wp-json\/wp\/v2\/media?parent=10289"}],"wp:term":[{"taxonomy":"category","embeddable":true,"href":"https:\/\/www.ucse.edu.ar\/notiucse\/wp-json\/wp\/v2\/categories?post=10289"},{"taxonomy":"post_tag","embeddable":true,"href":"https:\/\/www.ucse.edu.ar\/notiucse\/wp-json\/wp\/v2\/tags?post=10289"}],"curies":[{"name":"wp","href":"https:\/\/api.w.org\/{rel}","templated":true}]}}