{"id":10294,"date":"2024-03-22T18:50:42","date_gmt":"2024-03-22T21:50:42","guid":{"rendered":"http:\/\/www.ucse.edu.ar\/notiucse\/?p=10294"},"modified":"2024-03-25T15:23:40","modified_gmt":"2024-03-25T18:23:40","slug":"ucse-rafaela-y-escuela-de-la-plaza-inauguraron-un-aula-sur-y-ampliaciones-para-el-nivel-inicial","status":"publish","type":"post","link":"https:\/\/www.ucse.edu.ar\/notiucse\/2024\/03\/22\/ucse-rafaela-y-escuela-de-la-plaza-inauguraron-un-aula-sur-y-ampliaciones-para-el-nivel-inicial\/","title":{"rendered":"UCSE Rafaela y Escuela de la Plaza inauguraron un Aula Sur y Ampliaciones para el Nivel Inicial"},"content":{"rendered":"\n<p>En una emotiva ceremonia llevada a cabo <strong>el pasado mi\u00e9rcoles 20 de marzo en el campus educativo de Hip\u00f3lito Yrigoyen, se dio apertura al ALA SUR, un impresionante edificio compuesto por aulas y oficinas, junto con ampliaciones destinadas al Nivel Inicial de la Escuela de la Plaza y la UCSE<\/strong>. El evento cont\u00f3 con la destacada presencia del Rector de la Universidad Cat\u00f3lica de Santiago del Estero, Ing. Luis Eugenio Lucena, el Vicerector acad\u00e9mico de la UCSE, Lic. V\u00edctor Freij\u00f3o, y la Directora de los niveles inicial y primaria, Prof. Liliana Scaraf\u00eda, la Directora de la secundaria, Prof. Adriana Mar\u00edn, el Decano del Departamento Acad\u00e9mico Rafaela de la UCSE, Ing. Dar\u00edo Karchesky. Adem\u00e1s, fueron invitados especialmente por la UCSE el Obispo Diocesano y Representantes de los Pastores de Iglesias Evang\u00e9licas de Rafaela, la Sociedad de Espiritismo Verdadero y la Comunidad Jud\u00eda de Rafaela. Acompa\u00f1aron tambi\u00e9n en el acto, personal de gesti\u00f3n y personal docente, no docentes, estudiantes y comunidad educativa en general.<\/p>\n\n\n\n<p>Este significativo acontecimiento n<strong>o solo marc\u00f3 la apertura de nuevas instalaciones f\u00edsicas, sino que tambi\u00e9n simboliz\u00f3 un compromiso renovado con la calidad educativa y el desarrollo integral de los estudiantes<\/strong>. Tal como se\u00f1alaron las autoridades presentes: &#8220;<em>el nuevo edificio no es solo acero y hormig\u00f3n; viene a fortalecer los cimientos sobre los cuales construimos diariamente el futuro de nuestras generaciones venideras. Representa mucho m\u00e1s que simplemente aulas y pasillos; es un lugar donde cada estudiante tendr\u00e1 la oportunidad de crecer, aprender y alcanzar su m\u00e1ximo potencial. Un lugar donde las diferencias se celebran, donde la diversidad es valorada y donde el respeto mutuo es fundamental<\/em>&#8220;<\/p>\n\n\n<div class=\"wp-block-image\">\n<figure class=\"alignleft size-large is-resized\"><a href=\"http:\/\/www.ucse.edu.ar\/notiucse\/wp-content\/uploads\/2024\/03\/INAUGURACION2-scaled.jpg\"><img fetchpriority=\"high\" decoding=\"async\" width=\"1024\" height=\"1024\" src=\"http:\/\/www.ucse.edu.ar\/notiucse\/wp-content\/uploads\/2024\/03\/INAUGURACION2-1024x1024.jpg\" alt=\"\" class=\"wp-image-10298\" style=\"width:438px;height:auto\" srcset=\"https:\/\/www.ucse.edu.ar\/notiucse\/wp-content\/uploads\/2024\/03\/INAUGURACION2-1024x1024.jpg 1024w, https:\/\/www.ucse.edu.ar\/notiucse\/wp-content\/uploads\/2024\/03\/INAUGURACION2-300x300.jpg 300w, https:\/\/www.ucse.edu.ar\/notiucse\/wp-content\/uploads\/2024\/03\/INAUGURACION2-150x150.jpg 150w, https:\/\/www.ucse.edu.ar\/notiucse\/wp-content\/uploads\/2024\/03\/INAUGURACION2-1536x1536.jpg 1536w, https:\/\/www.ucse.edu.ar\/notiucse\/wp-content\/uploads\/2024\/03\/INAUGURACION2-2048x2048.jpg 2048w\" sizes=\"(max-width: 1024px) 100vw, 1024px\" \/><\/a><figcaption class=\"wp-element-caption\"><em>P\u00fablico Presente en la Inauguraci\u00f3n del &#8220;ALA SUR&#8221; <\/em><\/figcaption><\/figure><\/div>\n\n\n<p>La Escuela de la Plaza, fundada en 1990, por un grupo de visionarios dedicados a la excelencia educativa, ha sido desde entonces un faro de aprendizaje y crecimiento en la comunidad. <strong>La Asociaci\u00f3n Civil de la UCSE, que ya se encontraba en la ciudad desde 1997 con la Sede Rafaela, se hace cargo de la Escuela en el a\u00f1o 2000 <\/strong>y esto consolid\u00f3 a\u00fan m\u00e1s el compromiso, llevando adelante un proyecto educativo que trasciende las fronteras f\u00edsicas del aula. <\/p>\n\n\n\n<p>El ALA SUR, como se ha denominado este nuevo espacio, alberga no solo aulas y oficinas, sino tambi\u00e9n una biblioteca y espacios de recrfeaci\u00f3n destinados al nivel secundario y a las carreras universitarias qie se imparten en el campus. Asimismo, las ampliaciones en el Nivel Inicial brindan un entorno m\u00e1s c\u00f3modo y funcional para los m\u00e1s peque\u00f1os, con un amplio Sal\u00f3n de Usos M\u00faltiples (SUM) y modernos sanitarios. <\/p>\n\n\n\n<p>Previo al corte de cintas, <strong>se llev\u00f3 a cabo una emotiva bendici\u00f3n a cargo de Mons. Pedro Torres como Carlos Terranova, presidente del Consejo de Pastores de Rafaela,<\/strong> reafirmando as\u00ed el car\u00e1cter espiritual y humano de la instituci\u00f3n. Con esta inauguraci\u00f3n, se marca el inicio de una nueva etapa en la vida de ambas instituciones, que prometen continuar siendo pilares en la formaci\u00f3n y el crecimiento de generaciones presentes y futuras. <\/p>\n","protected":false},"excerpt":{"rendered":"<p>Con un acto presidido por autoridades, se llev\u00f3 a cabo la inauguraci\u00f3n del moderno edificio que ampliar\u00e1 las instalaciones de UCSE Rafaela y Escuela de la Plaza<\/p>\n","protected":false},"author":2,"featured_media":10297,"comment_status":"closed","ping_status":"","sticky":false,"template":"","format":"standard","meta":{"_exactmetrics_skip_tracking":false,"_exactmetrics_sitenote_active":false,"_exactmetrics_sitenote_note":"","_exactmetrics_sitenote_category":0,"footnotes":""},"categories":[73,20],"tags":[39,119],"_links":{"self":[{"href":"https:\/\/www.ucse.edu.ar\/notiucse\/wp-json\/wp\/v2\/posts\/10294"}],"collection":[{"href":"https:\/\/www.ucse.edu.ar\/notiucse\/wp-json\/wp\/v2\/posts"}],"about":[{"href":"https:\/\/www.ucse.edu.ar\/notiucse\/wp-json\/wp\/v2\/types\/post"}],"author":[{"embeddable":true,"href":"https:\/\/www.ucse.edu.ar\/notiucse\/wp-json\/wp\/v2\/users\/2"}],"replies":[{"embeddable":true,"href":"https:\/\/www.ucse.edu.ar\/notiucse\/wp-json\/wp\/v2\/comments?post=10294"}],"version-history":[{"count":2,"href":"https:\/\/www.ucse.edu.ar\/notiucse\/wp-json\/wp\/v2\/posts\/10294\/revisions"}],"predecessor-version":[{"id":10300,"href":"https:\/\/www.ucse.edu.ar\/notiucse\/wp-json\/wp\/v2\/posts\/10294\/revisions\/10300"}],"wp:featuredmedia":[{"embeddable":true,"href":"https:\/\/www.ucse.edu.ar\/notiucse\/wp-json\/wp\/v2\/media\/10297"}],"wp:attachment":[{"href":"https:\/\/www.ucse.edu.ar\/notiucse\/wp-json\/wp\/v2\/media?parent=10294"}],"wp:term":[{"taxonomy":"category","embeddable":true,"href":"https:\/\/www.ucse.edu.ar\/notiucse\/wp-json\/wp\/v2\/categories?post=10294"},{"taxonomy":"post_tag","embeddable":true,"href":"https:\/\/www.ucse.edu.ar\/notiucse\/wp-json\/wp\/v2\/tags?post=10294"}],"curies":[{"name":"wp","href":"https:\/\/api.w.org\/{rel}","templated":true}]}}