{"id":10349,"date":"2024-04-05T19:24:45","date_gmt":"2024-04-05T22:24:45","guid":{"rendered":"http:\/\/www.ucse.edu.ar\/notiucse\/?p=10349"},"modified":"2024-04-05T19:24:45","modified_gmt":"2024-04-05T22:24:45","slug":"jornada-del-dia-del-investigador-cientifico-se-presentara-el-plan-estrategico-provincial-de-ciencia-innovacion-y-tecnologia-2030","status":"publish","type":"post","link":"https:\/\/www.ucse.edu.ar\/notiucse\/2024\/04\/05\/jornada-del-dia-del-investigador-cientifico-se-presentara-el-plan-estrategico-provincial-de-ciencia-innovacion-y-tecnologia-2030\/","title":{"rendered":"Jornada del D\u00eda del Investigador Cient\u00edfico: Se presentar\u00e1 el Plan Estrat\u00e9gico Provincial de Ciencia, Innovaci\u00f3n y Tecnolog\u00eda 2030"},"content":{"rendered":"\n<p>El pr\u00f3ximo <strong>mi\u00e9rcoles 10 de abril del 2024<\/strong>, el<strong> Sistema Integrado de Ciencia, Innovaci\u00f3n y Tecnolog\u00eda de Santiago del Estero<\/strong> (SICIyT) organizar\u00e1 una jornada especial  por el <strong>D\u00eda del Investigador Cient\u00edfico. <\/strong>El evento se llevar\u00e1 a cabo en el <strong>Auditorio de la Universidad Cat\u00f3lica de Santiago del Estero (UCSE) <\/strong>de 8:30 a 12:00 horas.<\/p>\n\n\n\n<p>La jornada contar\u00e1 con una variada agenda que incluir\u00e1 la presentaci\u00f3n del <strong>Plan Estrat\u00e9gico Provincial de Ciencia, Innovaci\u00f3n y Tecnolog\u00eda 2030<\/strong>, as\u00ed como la exposici\u00f3n de proyectos federales de innovaci\u00f3n. Adem\u00e1s, se llevar\u00e1 a cabo una mesa de di\u00e1logo sobre Ciencias Humanas y Sociales, donde se discutir\u00e1 el porqu\u00e9 y el para qu\u00e9 de la investigaci\u00f3n en estas \u00e1reas.<\/p>\n\n\n\n<p>El cronograma de actividades incluir\u00e1 una recepci\u00f3n, seguida por la apertura a cargo del <strong>Comit\u00e9 Ejecutivo del SICIyT<\/strong>. Posteriormente, se presentar\u00e1n los <strong>proyectos federales de innovaci\u00f3n<\/strong>, seguidos por el di\u00e1logo sobre Ciencias Humanas y Sociales, dirigido por el Dr. Alejandro Auat y la Mg. Analia Valentini. La jornada culminar\u00e1 con la<strong> presentaci\u00f3n del Plan Estrat\u00e9gico Provincial de Ciencia, Innovaci\u00f3n y Tecnolog\u00eda 2030.<\/strong><\/p>\n\n\n\n<p>Esta jornada representa una oportunidad \u00fanica para conocer las \u00faltimas novedades en materia de investigaci\u00f3n cient\u00edfica y tecnol\u00f3gica en la provincia de Santiago del Estero, as\u00ed como para reflexionar sobre el rol de las ciencias humanas y sociales en el desarrollo regional.<\/p>\n","protected":false},"excerpt":{"rendered":"<p>La jornada tomar\u00e1 lugar la pr\u00f3xima semana. Se extiende la invitaci\u00f3n a comunidad UCSE  y p\u00fablico en general. <\/p>\n","protected":false},"author":2,"featured_media":10352,"comment_status":"closed","ping_status":"","sticky":false,"template":"","format":"standard","meta":{"_exactmetrics_skip_tracking":false,"_exactmetrics_sitenote_active":false,"_exactmetrics_sitenote_note":"","_exactmetrics_sitenote_category":0,"footnotes":""},"categories":[73,72],"tags":[],"_links":{"self":[{"href":"https:\/\/www.ucse.edu.ar\/notiucse\/wp-json\/wp\/v2\/posts\/10349"}],"collection":[{"href":"https:\/\/www.ucse.edu.ar\/notiucse\/wp-json\/wp\/v2\/posts"}],"about":[{"href":"https:\/\/www.ucse.edu.ar\/notiucse\/wp-json\/wp\/v2\/types\/post"}],"author":[{"embeddable":true,"href":"https:\/\/www.ucse.edu.ar\/notiucse\/wp-json\/wp\/v2\/users\/2"}],"replies":[{"embeddable":true,"href":"https:\/\/www.ucse.edu.ar\/notiucse\/wp-json\/wp\/v2\/comments?post=10349"}],"version-history":[{"count":2,"href":"https:\/\/www.ucse.edu.ar\/notiucse\/wp-json\/wp\/v2\/posts\/10349\/revisions"}],"predecessor-version":[{"id":10351,"href":"https:\/\/www.ucse.edu.ar\/notiucse\/wp-json\/wp\/v2\/posts\/10349\/revisions\/10351"}],"wp:featuredmedia":[{"embeddable":true,"href":"https:\/\/www.ucse.edu.ar\/notiucse\/wp-json\/wp\/v2\/media\/10352"}],"wp:attachment":[{"href":"https:\/\/www.ucse.edu.ar\/notiucse\/wp-json\/wp\/v2\/media?parent=10349"}],"wp:term":[{"taxonomy":"category","embeddable":true,"href":"https:\/\/www.ucse.edu.ar\/notiucse\/wp-json\/wp\/v2\/categories?post=10349"},{"taxonomy":"post_tag","embeddable":true,"href":"https:\/\/www.ucse.edu.ar\/notiucse\/wp-json\/wp\/v2\/tags?post=10349"}],"curies":[{"name":"wp","href":"https:\/\/api.w.org\/{rel}","templated":true}]}}