{"id":10364,"date":"2024-04-23T09:56:16","date_gmt":"2024-04-23T12:56:16","guid":{"rendered":"http:\/\/www.ucse.edu.ar\/notiucse\/?p=10364"},"modified":"2024-04-23T09:56:16","modified_gmt":"2024-04-23T12:56:16","slug":"en-el-dia-del-investigador-cientifico-se-presento-el-plan-estrategico-de-ciencia-innovacion-y-tecnologia-2030","status":"publish","type":"post","link":"https:\/\/www.ucse.edu.ar\/notiucse\/2024\/04\/23\/en-el-dia-del-investigador-cientifico-se-presento-el-plan-estrategico-de-ciencia-innovacion-y-tecnologia-2030\/","title":{"rendered":"En el D\u00eda del Investigador Cient\u00edfico se Present\u00f3 el Plan Estrat\u00e9gico de Ciencia, Innovaci\u00f3n y Tecnolog\u00eda 2030"},"content":{"rendered":"\n<p>En conmemoraci\u00f3n al D\u00eda del Investigador Cient\u00edfico, el <strong>Sistema Integrado de Ciencia, Innovaci\u00f3n y Tecnolog\u00eda de Santiago del Estero<\/strong> organiz\u00f3 una jornada el mi\u00e9rcoles 10 de abril por la ma\u00f1ana en el auditorio de la Universidad Cat\u00f3lica, donde se present\u00f3 el <strong>Plan Estrat\u00e9gico de Ciencia, Innovaci\u00f3n y Tecnolog\u00eda 2030.<\/strong><\/p>\n\n\n\n<p>Durante el evento, se resalt\u00f3 el <strong>impacto de las pol\u00edticas implementadas desde el a\u00f1o 2005 por el Gobierno provincial<\/strong> en la consolidaci\u00f3n del Sistema Integrado de Ciencia, Tecnolog\u00eda, Investigaci\u00f3n, Desarrollo e Innovaci\u00f3n. Se destac\u00f3 la formaci\u00f3n de una red con nodos s\u00f3lidos, fundamentales para el avance hacia un modelo de desarrollo sostenible en Santiago del Estero.<\/p>\n\n\n<div class=\"wp-block-image\">\n<figure class=\"alignleft size-large is-resized\"><a href=\"http:\/\/www.ucse.edu.ar\/notiucse\/wp-content\/uploads\/2024\/04\/WhatsApp-Image-2024-04-10-at-18.23.02.jpeg\"><img fetchpriority=\"high\" decoding=\"async\" width=\"1024\" height=\"682\" src=\"http:\/\/www.ucse.edu.ar\/notiucse\/wp-content\/uploads\/2024\/04\/WhatsApp-Image-2024-04-10-at-18.23.02-1024x682.jpeg\" alt=\"\" class=\"wp-image-10366\" style=\"width:503px;height:auto\" srcset=\"https:\/\/www.ucse.edu.ar\/notiucse\/wp-content\/uploads\/2024\/04\/WhatsApp-Image-2024-04-10-at-18.23.02-1024x682.jpeg 1024w, https:\/\/www.ucse.edu.ar\/notiucse\/wp-content\/uploads\/2024\/04\/WhatsApp-Image-2024-04-10-at-18.23.02-300x200.jpeg 300w, https:\/\/www.ucse.edu.ar\/notiucse\/wp-content\/uploads\/2024\/04\/WhatsApp-Image-2024-04-10-at-18.23.02-768x512.jpeg 768w, https:\/\/www.ucse.edu.ar\/notiucse\/wp-content\/uploads\/2024\/04\/WhatsApp-Image-2024-04-10-at-18.23.02-1536x1023.jpeg 1536w, https:\/\/www.ucse.edu.ar\/notiucse\/wp-content\/uploads\/2024\/04\/WhatsApp-Image-2024-04-10-at-18.23.02.jpeg 1600w\" sizes=\"(max-width: 1024px) 100vw, 1024px\" \/><\/a><\/figure><\/div>\n\n\n<p>El resultado de este trabajo fue la <strong>elaboraci\u00f3n de un documento consensuado, que servir\u00e1 como base para el desarrollo futuro de pol\u00edticas p\u00fablicas relacionadas con la ciencia, tecnolog\u00eda e innovaci\u00f3n, <\/strong>y su aplicaci\u00f3n en el \u00e1mbito socio productivo de la provincia, con integraci\u00f3n regional, nacional e internacional.<\/p>\n\n\n\n<p>En el acto de apertura estuvieron presentes el secretario de Ciencia y Tecnolog\u00eda, Adri\u00e1n Su\u00e1rez; los rectores de las universidades anfitriona y Nacional, Luis Eugenio Lucena y H\u00e9ctor Paz respectivamente. Tambi\u00e9n asistieron el director del Centro Regional de INTA Tucum\u00e1n-Santiago, Luis Erazzu, y el subgerente regional del INTI, Ramiro Casoliva, entre otros invitados especiales y p\u00fablico.<\/p>\n\n\n\n<p>Durante sus intervenciones, Su\u00e1rez <strong>destac\u00f3 el esfuerzo y la dedicaci\u00f3n de los investigadores en su d\u00eda, y resalt\u00f3 la importancia de integrar diversas dimensiones para el desarrollo humano y la mejora de la calidad de vida en la provincia.<\/strong> Por su parte, el Rector Lucena enfatiz\u00f3 la necesidad de que la <strong>investigaci\u00f3n vaya de la mano de las pol\u00edticas p\u00fablicas y la federaci\u00f3n, para lograr un verdadero desarrollo sustentable<\/strong>.<\/p>\n\n\n\n<p>El rector de la UNSE, H\u00e9ctor Paz, <strong>destac\u00f3 el trabajo conjunto realizado para poner en valor el sistema de investigaci\u00f3n, cient\u00edfico y de innovaci\u00f3n de Santiag<\/strong>o, lo que ha comenzado a rendir frutos con la formulaci\u00f3n de programas y proyectos con visi\u00f3n de sustentabilidad.<\/p>\n\n\n\n<p>La jornada concluy\u00f3 con referencias al legado de Bernardo Houssay, pionero y creador del Conicet, y se record\u00f3 su contribuci\u00f3n a la sociedad a trav\u00e9s de la investigaci\u00f3n cient\u00edfica.<\/p>\n","protected":false},"excerpt":{"rendered":"<p>En el marco del D\u00eda del Investigador Cient\u00edfico, autoridades y expertos se reunieron en la Universidad Cat\u00f3lica de Santiago del Estero para lanzar el Plan que conforma un paso decisivo hacia el desarrollo sostenible de la provincia. <\/p>\n","protected":false},"author":2,"featured_media":10365,"comment_status":"closed","ping_status":"","sticky":false,"template":"","format":"standard","meta":{"_exactmetrics_skip_tracking":false,"_exactmetrics_sitenote_active":false,"_exactmetrics_sitenote_note":"","_exactmetrics_sitenote_category":0,"footnotes":""},"categories":[73,72],"tags":[39],"_links":{"self":[{"href":"https:\/\/www.ucse.edu.ar\/notiucse\/wp-json\/wp\/v2\/posts\/10364"}],"collection":[{"href":"https:\/\/www.ucse.edu.ar\/notiucse\/wp-json\/wp\/v2\/posts"}],"about":[{"href":"https:\/\/www.ucse.edu.ar\/notiucse\/wp-json\/wp\/v2\/types\/post"}],"author":[{"embeddable":true,"href":"https:\/\/www.ucse.edu.ar\/notiucse\/wp-json\/wp\/v2\/users\/2"}],"replies":[{"embeddable":true,"href":"https:\/\/www.ucse.edu.ar\/notiucse\/wp-json\/wp\/v2\/comments?post=10364"}],"version-history":[{"count":1,"href":"https:\/\/www.ucse.edu.ar\/notiucse\/wp-json\/wp\/v2\/posts\/10364\/revisions"}],"predecessor-version":[{"id":10367,"href":"https:\/\/www.ucse.edu.ar\/notiucse\/wp-json\/wp\/v2\/posts\/10364\/revisions\/10367"}],"wp:featuredmedia":[{"embeddable":true,"href":"https:\/\/www.ucse.edu.ar\/notiucse\/wp-json\/wp\/v2\/media\/10365"}],"wp:attachment":[{"href":"https:\/\/www.ucse.edu.ar\/notiucse\/wp-json\/wp\/v2\/media?parent=10364"}],"wp:term":[{"taxonomy":"category","embeddable":true,"href":"https:\/\/www.ucse.edu.ar\/notiucse\/wp-json\/wp\/v2\/categories?post=10364"},{"taxonomy":"post_tag","embeddable":true,"href":"https:\/\/www.ucse.edu.ar\/notiucse\/wp-json\/wp\/v2\/tags?post=10364"}],"curies":[{"name":"wp","href":"https:\/\/api.w.org\/{rel}","templated":true}]}}