{"id":10395,"date":"2024-04-24T10:03:41","date_gmt":"2024-04-24T13:03:41","guid":{"rendered":"https:\/\/www.ucse.edu.ar\/notiucse\/?p=10395"},"modified":"2024-04-24T10:03:41","modified_gmt":"2024-04-24T13:03:41","slug":"ucse-celebro-la-lxviii-colacion-de-grados","status":"publish","type":"post","link":"https:\/\/www.ucse.edu.ar\/notiucse\/2024\/04\/24\/ucse-celebro-la-lxviii-colacion-de-grados\/","title":{"rendered":"UCSE celebr\u00f3 la LXVIII Colaci\u00f3n de Grados"},"content":{"rendered":"\n<p>El pasado viernes 19 de abril, la Universidad Cat\u00f3lica de Santiago del Estero (UCSE) celebr\u00f3 a sus alumnos en el acto acad\u00e9mico c\u00falmine: la LXVIII Colaci\u00f3n de Grados. El Rector, Ing. Luis Eugenio Lucena, extendi\u00f3 una cordial invitaci\u00f3n a toda la comunidad involucrada en este emotivo acto, que tuvo lugar en los jardines del Campus Universitario.<\/p>\n\n\n\n<p>Este evento <strong>representa la finalizaci\u00f3n de a\u00f1os de esfuerzo y dedicaci\u00f3n por parte de los graduados, quienes vieron reconocido su trabajo con la entrega de sus t\u00edtulos universitarios<\/strong>. La colaci\u00f3n de grados es un momento de gran significado para los estudiantes, sus familias y la comunidad en general, ya que simboliza el inicio de una nueva etapa en la vida profesional y personal de cada graduado.<\/p>\n\n\n\n<p>El acto acad\u00e9mico <strong>cont\u00f3 con la presencia de autoridades universitarias, docentes, graduados y sus familias, as\u00ed como tambi\u00e9n con destacadas personalidades del \u00e1mbito acad\u00e9mico e institucional.<\/strong> Fue un espacio de celebraci\u00f3n y emoci\u00f3n sobre el valor de la educaci\u00f3n y el compromiso con el desarrollo integral de la sociedad.<\/p>\n\n\n\n<p>La UCSE reafirma as\u00ed su compromiso con la formaci\u00f3n acad\u00e9mica de excelencia y el fortalecimiento social y educativo de Santiago del Estero.<\/p>\n","protected":false},"excerpt":{"rendered":"<p>En la noche del pasado viernes se realiz\u00f3 el acto acad\u00e9mico donde participaron graduados, familiares y autoridades <\/p>\n","protected":false},"author":2,"featured_media":10396,"comment_status":"closed","ping_status":"","sticky":false,"template":"","format":"standard","meta":{"_exactmetrics_skip_tracking":false,"_exactmetrics_sitenote_active":false,"_exactmetrics_sitenote_note":"","_exactmetrics_sitenote_category":0,"footnotes":""},"categories":[73],"tags":[52,39],"_links":{"self":[{"href":"https:\/\/www.ucse.edu.ar\/notiucse\/wp-json\/wp\/v2\/posts\/10395"}],"collection":[{"href":"https:\/\/www.ucse.edu.ar\/notiucse\/wp-json\/wp\/v2\/posts"}],"about":[{"href":"https:\/\/www.ucse.edu.ar\/notiucse\/wp-json\/wp\/v2\/types\/post"}],"author":[{"embeddable":true,"href":"https:\/\/www.ucse.edu.ar\/notiucse\/wp-json\/wp\/v2\/users\/2"}],"replies":[{"embeddable":true,"href":"https:\/\/www.ucse.edu.ar\/notiucse\/wp-json\/wp\/v2\/comments?post=10395"}],"version-history":[{"count":1,"href":"https:\/\/www.ucse.edu.ar\/notiucse\/wp-json\/wp\/v2\/posts\/10395\/revisions"}],"predecessor-version":[{"id":10397,"href":"https:\/\/www.ucse.edu.ar\/notiucse\/wp-json\/wp\/v2\/posts\/10395\/revisions\/10397"}],"wp:featuredmedia":[{"embeddable":true,"href":"https:\/\/www.ucse.edu.ar\/notiucse\/wp-json\/wp\/v2\/media\/10396"}],"wp:attachment":[{"href":"https:\/\/www.ucse.edu.ar\/notiucse\/wp-json\/wp\/v2\/media?parent=10395"}],"wp:term":[{"taxonomy":"category","embeddable":true,"href":"https:\/\/www.ucse.edu.ar\/notiucse\/wp-json\/wp\/v2\/categories?post=10395"},{"taxonomy":"post_tag","embeddable":true,"href":"https:\/\/www.ucse.edu.ar\/notiucse\/wp-json\/wp\/v2\/tags?post=10395"}],"curies":[{"name":"wp","href":"https:\/\/api.w.org\/{rel}","templated":true}]}}