{"id":10440,"date":"2024-04-26T17:56:08","date_gmt":"2024-04-26T20:56:08","guid":{"rendered":"https:\/\/www.ucse.edu.ar\/notiucse\/?p=10440"},"modified":"2024-04-26T17:56:08","modified_gmt":"2024-04-26T20:56:08","slug":"se-anuncia-la-1-jornada-interdisciplinaria-de-bibliotecologia-de-la-ucse-bibliotecas-inclusivas-innovadoras-y-resilientes","status":"publish","type":"post","link":"https:\/\/www.ucse.edu.ar\/notiucse\/2024\/04\/26\/se-anuncia-la-1-jornada-interdisciplinaria-de-bibliotecologia-de-la-ucse-bibliotecas-inclusivas-innovadoras-y-resilientes\/","title":{"rendered":"Se Anuncia la 1\u00b0 Jornada Interdisciplinaria de Bibliotecolog\u00eda de la UCSE: &#8220;Bibliotecas inclusivas, innovadoras y resilientes&#8221;"},"content":{"rendered":"\n<p>Los d\u00edas 26 y 27 de junio de 2024 se llevar\u00e1 a cabo la <strong>primera jornada interdisciplinaria de bibliotecolog\u00eda de manera virtua<\/strong>l. Este evento constituye un espacio \u00f3ptimo para el intercambio de ideas entre los expositores y los asistentes. <\/p>\n\n\n\n<p>Durante estas jornadas se presentar\u00e1n diversos trabajos previamente<strong> aprobados por un Comit\u00e9 de Pares<\/strong>, abordando los temas propuestos en el lema del evento. A trav\u00e9s del planteamiento de problemas, se explorar\u00e1n diversas formas de resoluci\u00f3n alternativas y estrategias innovadoras. Equipos de investigaci\u00f3n interdisciplinarios, colegas que expongan casos ocurridos en su \u00e1mbito laboral, as\u00ed como docentes y profesionales que presenten problem\u00e1ticas actuales, est\u00e1n invitados a participar con sus contribuciones.<\/p>\n\n\n\n<p>Est\u00e1 jornada ser\u00e1 de inter\u00e9s para la comunidad bibliotecaria, en particular docentes e investigadores, estudiantes y graduados y bibliotecarios de las bibliotecas de la UCSE y de otras instituciones educativas y culturales, de bibliotecas especializadas y populares, as\u00ed como a la comunidad en general (colegas, amigos, autoridades de la casa e invitados\/as). <strong>No quedar\u00e1n excluidos profesionales de otras \u00e1reas que tengan inter\u00e9s por este tipo de temas.<\/strong><\/p>\n\n\n\n<p>Estas jornadas, tienen por finalidad la <strong>promoci\u00f3n y divulgaci\u00f3n de conocimientos del campo disciplinar y profesional de la Bibliotecolog\u00eda y la Ciencia de la Informaci\u00f3n<\/strong> dentro de los tres ejes seleccionados.<\/p>\n\n\n\n<p><strong>SOBRE EL ENV\u00cdO DE TRABAJOS PARA SU EVALUACI\u00d3N:<\/strong><\/p>\n\n\n\n<p>Los trabajos enviados <strong>no deben haber sido publicados ni expuestos en otros eventos<\/strong> y deben ser enviados en <strong>formato Word<\/strong> a la siguiente direcci\u00f3n de correo: <strong>patricia.allendezsullivan@ucse.edu.ar<\/strong>.<\/p>\n\n\n\n<p>El texto completo debe tener un <strong>m\u00ednimo de 7 p\u00e1ginas y un m\u00e1ximo de 10 p\u00e1ginas de extensi\u00f3n<\/strong>, incluyendo im\u00e1genes, notas al pie, cuadros o tablas y referencias bibliogr\u00e1ficas de acuerdo con las normas <strong>American Psichological Associations (APA) 7ma. edici\u00f3n<\/strong>.<\/p>\n\n\n\n<p>Se permite un m\u00e1ximo de tres autores por trabajo y cada persona podr\u00e1 presentar hasta dos trabajos.<\/p>\n\n\n\n<p>La recepci\u00f3n de trabajos es hasta el 28 de mayo de 2024. Los trabajos seleccionados se incluir\u00e1n en la memoria de la jornada.<\/p>\n\n\n\n<p><strong>FORMATO DE PRESENTACI\u00d3N DE LOS TRABAJOS:<\/strong><\/p>\n\n\n\n<ul>\n<li><strong>Casos<\/strong><\/li>\n<\/ul>\n\n\n\n<p>Experiencias que resulten innovadoras en las Unidades de Informaci\u00f3n. Incluir: una caracterizaci\u00f3n descriptiva, las problem\u00e1ticas que la originan, prop\u00f3sitos y los enfoques o perspectivas que la fundamentan.<\/p>\n\n\n\n<ul>\n<li><strong>Rese\u00f1as de Investigaci\u00f3n (finalizadas o en curso)<\/strong><\/li>\n<\/ul>\n\n\n\n<p>La rese\u00f1a debe contener los apartados centrales de la investigaci\u00f3n que se desarrolla, dando cuenta del inter\u00e9s por el problema, los objetivos y las pregunta(s) planteadas, las perspectivas conceptuales o enfoques, las definiciones metodol\u00f3gicas, an\u00e1lisis y conclusiones o avances.<\/p>\n\n\n\n<ul>\n<li><strong>Reflexiones sobre las pr\u00e1cticas docentes o profesionales<\/strong><\/li>\n<\/ul>\n\n\n\n<p>Estas reflexiones suponen detallar que se hace, c\u00f3mo se hace, c\u00f3mo se enfrenta d\u00eda a d\u00eda la problem\u00e1tica de ense\u00f1ar o ejercer la profesi\u00f3n en la actualidad, las dudas, incertidumbres, necesidades personales y del equipo de trabajo did\u00e1ctico o profesional. Deben orientarse a identificar, problem\u00e1ticas, sus rasgos actuales, planteando desaf\u00edos y\/o l\u00edneas de transformaci\u00f3n.<\/p>\n\n\n\n<p>En cada caso el trabajo deber\u00e1 encuadrarse en alguno de los ejes tem\u00e1ticos previstos: bibliotecas inclusivas, bibliotecas innovadoras, bibliotecas resilientes<\/p>\n\n\n\n<p><strong>PATROCINADORES<\/strong><\/p>\n\n\n\n<ul>\n<li>EBSCO<\/li>\n\n\n\n<li>Digital Content<\/li>\n\n\n\n<li>E Libro<\/li>\n<\/ul>\n\n\n\n<p><\/p>\n\n\n\n<p>Esta iniciativa representa un importante paso hacia la promoci\u00f3n y difusi\u00f3n del conocimiento en el \u00e1mbito bibliotecario, reafirmando el compromiso de la UCSE con la formaci\u00f3n acad\u00e9mica y el desarrollo profesional en esta \u00e1rea de vital importancia para la sociedad.<\/p>\n","protected":false},"excerpt":{"rendered":"<p>Los d\u00edas 26 y 27 de junio de 2024 se llevar\u00e1 a cabo la primera jornada interdisciplinaria de bibliotecolog\u00eda de manera virtual. Este evento constituye un espacio \u00f3ptimo para el intercambio de ideas entre los expositores y los asistentes. Durante estas jornadas se presentar\u00e1n diversos trabajos previamente aprobados por un Comit\u00e9 de Pares, abordando los [&hellip;]<\/p>\n","protected":false},"author":2,"featured_media":10441,"comment_status":"closed","ping_status":"","sticky":false,"template":"","format":"standard","meta":{"_exactmetrics_skip_tracking":false,"_exactmetrics_sitenote_active":false,"_exactmetrics_sitenote_note":"","_exactmetrics_sitenote_category":0,"footnotes":""},"categories":[73,21],"tags":[52,48,39],"_links":{"self":[{"href":"https:\/\/www.ucse.edu.ar\/notiucse\/wp-json\/wp\/v2\/posts\/10440"}],"collection":[{"href":"https:\/\/www.ucse.edu.ar\/notiucse\/wp-json\/wp\/v2\/posts"}],"about":[{"href":"https:\/\/www.ucse.edu.ar\/notiucse\/wp-json\/wp\/v2\/types\/post"}],"author":[{"embeddable":true,"href":"https:\/\/www.ucse.edu.ar\/notiucse\/wp-json\/wp\/v2\/users\/2"}],"replies":[{"embeddable":true,"href":"https:\/\/www.ucse.edu.ar\/notiucse\/wp-json\/wp\/v2\/comments?post=10440"}],"version-history":[{"count":2,"href":"https:\/\/www.ucse.edu.ar\/notiucse\/wp-json\/wp\/v2\/posts\/10440\/revisions"}],"predecessor-version":[{"id":10443,"href":"https:\/\/www.ucse.edu.ar\/notiucse\/wp-json\/wp\/v2\/posts\/10440\/revisions\/10443"}],"wp:featuredmedia":[{"embeddable":true,"href":"https:\/\/www.ucse.edu.ar\/notiucse\/wp-json\/wp\/v2\/media\/10441"}],"wp:attachment":[{"href":"https:\/\/www.ucse.edu.ar\/notiucse\/wp-json\/wp\/v2\/media?parent=10440"}],"wp:term":[{"taxonomy":"category","embeddable":true,"href":"https:\/\/www.ucse.edu.ar\/notiucse\/wp-json\/wp\/v2\/categories?post=10440"},{"taxonomy":"post_tag","embeddable":true,"href":"https:\/\/www.ucse.edu.ar\/notiucse\/wp-json\/wp\/v2\/tags?post=10440"}],"curies":[{"name":"wp","href":"https:\/\/api.w.org\/{rel}","templated":true}]}}