{"id":10473,"date":"2024-05-03T16:34:54","date_gmt":"2024-05-03T19:34:54","guid":{"rendered":"https:\/\/www.ucse.edu.ar\/notiucse\/?p=10473"},"modified":"2024-05-03T16:34:54","modified_gmt":"2024-05-03T19:34:54","slug":"se-realizara-el-segundo-taller-del-ciclo-de-talleres-para-emprendedores-exitosos-fotografia-de-producto-para-redes-sociales","status":"publish","type":"post","link":"https:\/\/www.ucse.edu.ar\/notiucse\/2024\/05\/03\/se-realizara-el-segundo-taller-del-ciclo-de-talleres-para-emprendedores-exitosos-fotografia-de-producto-para-redes-sociales\/","title":{"rendered":"Se Realizar\u00e1 el Segundo Taller del Ciclo de Talleres para Emprendedores Exitosos: &#8220;Fotograf\u00eda de Producto para Redes Sociales&#8221;"},"content":{"rendered":"\n<p>La <strong>Prosecretar\u00eda de Extensi\u00f3n y Vinculaci\u00f3n de la Facultad de Ciencias de la Salud de la UCSE<\/strong> contin\u00faa su compromiso con el crecimiento y desarrollo de la comunidad emprendedora a trav\u00e9s del Ciclo de Talleres para Emprendedores Exitosos. El segundo taller, enfocado en <strong>&#8220;Fotograf\u00eda de Producto para Redes Sociales&#8221;,<\/strong> promete ser una experiencia productiva para aquellos que buscan potenciar su presencia en l\u00ednea.<\/p>\n\n\n\n<p>En esta sesi\u00f3n, los participantes tendr\u00e1n la oportunidad de adquirir habilidades pr\u00e1cticas para fotografiar sus creaciones con tel\u00e9fonos celulares, destacando su calidad y detalle. El taller tambi\u00e9n proporcionar\u00e1 a los emprendedores y artesanos las herramientas necesarias para presentar sus productos de manera creativa y atractiva en las redes sociales, ofreciendo consejos adicionales en dise\u00f1o gr\u00e1fico.<\/p>\n\n\n\n<p>Dirigido a emprendedores, artesanos de diversos rubros y p\u00fablico en general interesado en ampliar su alcance en l\u00ednea y optimizar su presencia en redes sociales, el taller est\u00e1 programado para el <strong>lunes 6 de Mayo, de 16:30 a 18:30 hs, en el Aula 2\u00ba 1\u00b0 del Colegio Hermas, ubicado en el campus de la UCSE<\/strong>. El taller ser\u00e1 dirigido por el Lic. Pablo Fernandez.<\/p>\n\n\n\n<p>Para m\u00e1s informaci\u00f3n e inscripciones, comun\u00edquese con la<strong> Prosecretar\u00eda de Extensi\u00f3n y Vinculaci\u00f3n al n\u00famero 0385 421 1777 interno 371 o v\u00eda correo electr\u00f3nico a extension.salud@ucse.edu.ar<\/strong>.<\/p>\n","protected":false},"excerpt":{"rendered":"<p>Conoc\u00e9 todos los detalles en la nota <\/p>\n","protected":false},"author":2,"featured_media":10474,"comment_status":"closed","ping_status":"","sticky":false,"template":"","format":"standard","meta":{"_exactmetrics_skip_tracking":false,"_exactmetrics_sitenote_active":false,"_exactmetrics_sitenote_note":"","_exactmetrics_sitenote_category":0,"footnotes":""},"categories":[9,72],"tags":[121],"_links":{"self":[{"href":"https:\/\/www.ucse.edu.ar\/notiucse\/wp-json\/wp\/v2\/posts\/10473"}],"collection":[{"href":"https:\/\/www.ucse.edu.ar\/notiucse\/wp-json\/wp\/v2\/posts"}],"about":[{"href":"https:\/\/www.ucse.edu.ar\/notiucse\/wp-json\/wp\/v2\/types\/post"}],"author":[{"embeddable":true,"href":"https:\/\/www.ucse.edu.ar\/notiucse\/wp-json\/wp\/v2\/users\/2"}],"replies":[{"embeddable":true,"href":"https:\/\/www.ucse.edu.ar\/notiucse\/wp-json\/wp\/v2\/comments?post=10473"}],"version-history":[{"count":1,"href":"https:\/\/www.ucse.edu.ar\/notiucse\/wp-json\/wp\/v2\/posts\/10473\/revisions"}],"predecessor-version":[{"id":10475,"href":"https:\/\/www.ucse.edu.ar\/notiucse\/wp-json\/wp\/v2\/posts\/10473\/revisions\/10475"}],"wp:featuredmedia":[{"embeddable":true,"href":"https:\/\/www.ucse.edu.ar\/notiucse\/wp-json\/wp\/v2\/media\/10474"}],"wp:attachment":[{"href":"https:\/\/www.ucse.edu.ar\/notiucse\/wp-json\/wp\/v2\/media?parent=10473"}],"wp:term":[{"taxonomy":"category","embeddable":true,"href":"https:\/\/www.ucse.edu.ar\/notiucse\/wp-json\/wp\/v2\/categories?post=10473"},{"taxonomy":"post_tag","embeddable":true,"href":"https:\/\/www.ucse.edu.ar\/notiucse\/wp-json\/wp\/v2\/tags?post=10473"}],"curies":[{"name":"wp","href":"https:\/\/api.w.org\/{rel}","templated":true}]}}