{"id":10479,"date":"2024-05-03T17:00:50","date_gmt":"2024-05-03T20:00:50","guid":{"rendered":"https:\/\/www.ucse.edu.ar\/notiucse\/?p=10479"},"modified":"2024-05-03T17:01:40","modified_gmt":"2024-05-03T20:01:40","slug":"celebracion-virtual-y-presencial-d-a-b-a-celebra-su-vigesimo-primer-acto-de-colacion","status":"publish","type":"post","link":"https:\/\/www.ucse.edu.ar\/notiucse\/2024\/05\/03\/celebracion-virtual-y-presencial-d-a-b-a-celebra-su-vigesimo-primer-acto-de-colacion\/","title":{"rendered":"Celebraci\u00f3n Virtual y Presencial: D.A.B.A Celebra su Vig\u00e9simo Primer Acto de Colaci\u00f3n"},"content":{"rendered":"\n<p>El <strong>Departamento Acad\u00e9mico Buenos Aires (DABA) de la Universidad Cat\u00f3lica de Santiago del Estero<\/strong> (UCSE) hoy 3 de mayo celebra su vig\u00e9simo primer Acto de Colaci\u00f3n, marcando un hito importante en su trayectoria acad\u00e9mica a las 18:00 hs. Este a\u00f1o, el evento se llevar\u00e1 a cabo en un <strong>formato h\u00edbrido<\/strong>, con <strong>transmisi\u00f3n en vivo a trav\u00e9s del canal de YouTube de UCSE, Buenos Aires<\/strong> (@ucsebuenosaires).<\/p>\n\n\n\n<p>La decisi\u00f3n de adoptar este formato combina la tradici\u00f3n de la ceremonia presencial con la accesibilidad que ofrece la transmisi\u00f3n en l\u00ednea,<strong> permitiendo que familiares, amigos y la comunidad acad\u00e9mica en general puedan acompa\u00f1ar y celebrar este momento<\/strong> tan significativo para los graduados del DABA.<\/p>\n\n\n\n<p>Adem\u00e1s, este a\u00f1o se conmemoran dos hechos importantes: el <strong>DABA celebra su 30\u00ba aniversario de vida acad\u00e9mica<\/strong>, un logro que refleja su compromiso con la excelencia educativa a lo largo de las d\u00e9cadas. Adem\u00e1s, se destaca la participaci\u00f3n de los primeros egresados en modalidad a distancia, subrayando el compromiso de la instituci\u00f3n con la inclusi\u00f3n y la innovaci\u00f3n educativa.<\/p>\n\n\n\n<p>Se espera  una participaci\u00f3n activa y entusiasta en este evento, que no solo celebra los logros individuales de los graduados, sino tambi\u00e9n el compromiso continuo del DABA con la formaci\u00f3n acad\u00e9mica.<\/p>\n","protected":false},"excerpt":{"rendered":"<p>El evento, que celebrar\u00e1 a los graduados, tendr\u00e1 lugar en la sede ubicada en Rivadavia 552, San Isidro (Buenos Aires)<\/p>\n","protected":false},"author":2,"featured_media":10480,"comment_status":"closed","ping_status":"","sticky":false,"template":"","format":"standard","meta":{"_exactmetrics_skip_tracking":false,"_exactmetrics_sitenote_active":false,"_exactmetrics_sitenote_note":"","_exactmetrics_sitenote_category":0,"footnotes":""},"categories":[21],"tags":[52,48],"_links":{"self":[{"href":"https:\/\/www.ucse.edu.ar\/notiucse\/wp-json\/wp\/v2\/posts\/10479"}],"collection":[{"href":"https:\/\/www.ucse.edu.ar\/notiucse\/wp-json\/wp\/v2\/posts"}],"about":[{"href":"https:\/\/www.ucse.edu.ar\/notiucse\/wp-json\/wp\/v2\/types\/post"}],"author":[{"embeddable":true,"href":"https:\/\/www.ucse.edu.ar\/notiucse\/wp-json\/wp\/v2\/users\/2"}],"replies":[{"embeddable":true,"href":"https:\/\/www.ucse.edu.ar\/notiucse\/wp-json\/wp\/v2\/comments?post=10479"}],"version-history":[{"count":1,"href":"https:\/\/www.ucse.edu.ar\/notiucse\/wp-json\/wp\/v2\/posts\/10479\/revisions"}],"predecessor-version":[{"id":10481,"href":"https:\/\/www.ucse.edu.ar\/notiucse\/wp-json\/wp\/v2\/posts\/10479\/revisions\/10481"}],"wp:featuredmedia":[{"embeddable":true,"href":"https:\/\/www.ucse.edu.ar\/notiucse\/wp-json\/wp\/v2\/media\/10480"}],"wp:attachment":[{"href":"https:\/\/www.ucse.edu.ar\/notiucse\/wp-json\/wp\/v2\/media?parent=10479"}],"wp:term":[{"taxonomy":"category","embeddable":true,"href":"https:\/\/www.ucse.edu.ar\/notiucse\/wp-json\/wp\/v2\/categories?post=10479"},{"taxonomy":"post_tag","embeddable":true,"href":"https:\/\/www.ucse.edu.ar\/notiucse\/wp-json\/wp\/v2\/tags?post=10479"}],"curies":[{"name":"wp","href":"https:\/\/api.w.org\/{rel}","templated":true}]}}