{"id":10521,"date":"2024-05-07T11:30:34","date_gmt":"2024-05-07T14:30:34","guid":{"rendered":"https:\/\/www.ucse.edu.ar\/notiucse\/?p=10521"},"modified":"2024-05-07T11:30:34","modified_gmt":"2024-05-07T14:30:34","slug":"ucse-participara-en-la-3ra-edicion-del-smart-city-expo-santiago-del-estero","status":"publish","type":"post","link":"https:\/\/www.ucse.edu.ar\/notiucse\/2024\/05\/07\/ucse-participara-en-la-3ra-edicion-del-smart-city-expo-santiago-del-estero\/","title":{"rendered":"UCSE Participar\u00e1 en la 3ra Edici\u00f3n del Smart City Expo Santiago del Estero"},"content":{"rendered":"\n<p>La Universidad Cat\u00f3lica de Santiago del Estero se enorgullece de participar como instituci\u00f3n colaboradora en la <strong>tercera edici\u00f3n del Smart City Expo Santiago del Estero<\/strong>, que se llevar\u00e1 a cabo los d\u00edas <strong>26 y 27 de junio de 2024 en el Centro de Convenciones F\u00f3rum<\/strong>.<\/p>\n\n\n\n<p>Bajo el lema <strong>&#8220;Territorios que innovan, comunidades que se transforman&#8221;<\/strong>, esta iniciativa destaca los esfuerzos de la provincia de Santiago del Estero por combinar el pasado y el futuro en una serie de proyectos que abarcan aspectos fundamentales de la vida cotidiana de la provincia.<\/p>\n\n\n\n<p>La provincia ha logrado reunir aspectos como la<strong> salud, el deporte, la educaci\u00f3n, el turismo, la energ\u00eda, la administraci\u00f3n y la educaci\u00f3n en un conjunto de obras que reflejan su historia, cultura y progreso.<\/strong> Desde su fundaci\u00f3n en 1553, Santiago del Estero ha sido un centro colonial clave, siendo la madre de ciudades en Argentina.<\/p>\n\n\n\n<p>En esta visi\u00f3n, se destaca la premisa de recuperar y refuncionalizar los espacios hist\u00f3ricos representativos de la identidad y la cultura santiague\u00f1a, convirti\u00e9ndolos en lugares vivos y en constante transformaci\u00f3n en la vida diaria. <strong>UCSE estar\u00e1 presente como instituci\u00f3n y como parte de la historia de desarrollo que est\u00e1 escribiendo Santiago del Estero<\/strong>.<\/p>\n\n\n\n<p><\/p>\n","protected":false},"excerpt":{"rendered":"<p>La UCSE se une al impulso de la innovaci\u00f3n y la transformaci\u00f3n en la tercera edici\u00f3n del Smart City Expo Santiago del Estero, resaltando el compromiso de la instituci\u00f3n con el progreso<\/p>\n","protected":false},"author":2,"featured_media":10527,"comment_status":"closed","ping_status":"","sticky":false,"template":"","format":"standard","meta":{"_exactmetrics_skip_tracking":false,"_exactmetrics_sitenote_active":false,"_exactmetrics_sitenote_note":"","_exactmetrics_sitenote_category":0,"footnotes":""},"categories":[73],"tags":[39],"_links":{"self":[{"href":"https:\/\/www.ucse.edu.ar\/notiucse\/wp-json\/wp\/v2\/posts\/10521"}],"collection":[{"href":"https:\/\/www.ucse.edu.ar\/notiucse\/wp-json\/wp\/v2\/posts"}],"about":[{"href":"https:\/\/www.ucse.edu.ar\/notiucse\/wp-json\/wp\/v2\/types\/post"}],"author":[{"embeddable":true,"href":"https:\/\/www.ucse.edu.ar\/notiucse\/wp-json\/wp\/v2\/users\/2"}],"replies":[{"embeddable":true,"href":"https:\/\/www.ucse.edu.ar\/notiucse\/wp-json\/wp\/v2\/comments?post=10521"}],"version-history":[{"count":1,"href":"https:\/\/www.ucse.edu.ar\/notiucse\/wp-json\/wp\/v2\/posts\/10521\/revisions"}],"predecessor-version":[{"id":10525,"href":"https:\/\/www.ucse.edu.ar\/notiucse\/wp-json\/wp\/v2\/posts\/10521\/revisions\/10525"}],"wp:featuredmedia":[{"embeddable":true,"href":"https:\/\/www.ucse.edu.ar\/notiucse\/wp-json\/wp\/v2\/media\/10527"}],"wp:attachment":[{"href":"https:\/\/www.ucse.edu.ar\/notiucse\/wp-json\/wp\/v2\/media?parent=10521"}],"wp:term":[{"taxonomy":"category","embeddable":true,"href":"https:\/\/www.ucse.edu.ar\/notiucse\/wp-json\/wp\/v2\/categories?post=10521"},{"taxonomy":"post_tag","embeddable":true,"href":"https:\/\/www.ucse.edu.ar\/notiucse\/wp-json\/wp\/v2\/tags?post=10521"}],"curies":[{"name":"wp","href":"https:\/\/api.w.org\/{rel}","templated":true}]}}