{"id":10590,"date":"2024-05-13T18:28:24","date_gmt":"2024-05-13T21:28:24","guid":{"rendered":"https:\/\/www.ucse.edu.ar\/notiucse\/?p=10590"},"modified":"2024-05-13T18:28:58","modified_gmt":"2024-05-13T21:28:58","slug":"se-realizo-el-acto-de-colacion-en-ucse-buenos-aires-celebrando-30-anos-de-trayectoria-academica","status":"publish","type":"post","link":"https:\/\/www.ucse.edu.ar\/notiucse\/2024\/05\/13\/se-realizo-el-acto-de-colacion-en-ucse-buenos-aires-celebrando-30-anos-de-trayectoria-academica\/","title":{"rendered":"Se Realiz\u00f3 el Acto de Colaci\u00f3n en UCSE Buenos Aires: Celebrando 30 a\u00f1os de Trayectoria Acad\u00e9mica"},"content":{"rendered":"\n<p>El <strong>viernes 3 de mayo<\/strong> fue un d\u00eda importante para la Universidad Cat\u00f3lica de Santiago del Estero (UCSE), espec\u00edficamente para su <strong>Departamento Acad\u00e9mico Buenos Aires<\/strong>. En su Vig\u00e9simo primer Acto de Colaci\u00f3n de Grado, el evento no solo honr\u00f3 a sus nuevos graduados, sino que tambi\u00e9n <strong>celebr\u00f3 el aniversario n\u00famero 30 de la instituci\u00f3n<\/strong>.<\/p>\n\n\n\n<p>Lo m\u00e1s destacado de este acto fue la inclusi\u00f3n de los <strong>primeros egresados en la modalidad a distancia<\/strong>, marcando un <strong>avance significativo en la oferta educativa de la UCSE<\/strong>. La ceremonia cont\u00f3 con la <strong>presencia de distinguidas personalidades acad\u00e9micas y representantes de instituciones<\/strong>, entre ellos el <strong>Rector, Ing. Luis Lucena, y la Decana, Dra. Liliana Beatriz Bruzzo.<\/strong><\/p>\n\n\n<div class=\"wp-block-image\">\n<figure class=\"alignleft size-large is-resized\"><a href=\"https:\/\/www.ucse.edu.ar\/notiucse\/wp-content\/uploads\/2024\/05\/galaUCSE-33.jpg\"><img fetchpriority=\"high\" decoding=\"async\" width=\"1024\" height=\"1024\" src=\"https:\/\/www.ucse.edu.ar\/notiucse\/wp-content\/uploads\/2024\/05\/galaUCSE-33-1024x1024.jpg\" alt=\"\" class=\"wp-image-10593\" style=\"width:314px;height:auto\" srcset=\"https:\/\/www.ucse.edu.ar\/notiucse\/wp-content\/uploads\/2024\/05\/galaUCSE-33-1024x1024.jpg 1024w, https:\/\/www.ucse.edu.ar\/notiucse\/wp-content\/uploads\/2024\/05\/galaUCSE-33-300x300.jpg 300w, https:\/\/www.ucse.edu.ar\/notiucse\/wp-content\/uploads\/2024\/05\/galaUCSE-33-150x150.jpg 150w, https:\/\/www.ucse.edu.ar\/notiucse\/wp-content\/uploads\/2024\/05\/galaUCSE-33-1536x1536.jpg 1536w, https:\/\/www.ucse.edu.ar\/notiucse\/wp-content\/uploads\/2024\/05\/galaUCSE-33-2048x2048.jpg 2048w\" sizes=\"(max-width: 1024px) 100vw, 1024px\" \/><\/a><\/figure><\/div>\n\n\n<p>La lista de invitados de honor incluy\u00f3 a la Dra. Adriana L\u00f3pez, rectora de la Universidad Nacional Ra\u00fal Scalabrini Orti; la Dra. Mar\u00eda Laura Ochoa, Vice rectora acad\u00e9mica y Decana de la Facultad de Ciencias Jur\u00eddicas y de la Administraci\u00f3n de la Universidad de San Isidro; la Dra. Paula M\u00e9ndez, presidenta del Colegio de Martilleros y Corredores P\u00fablicos de San Isidro; el Dr. Mariano Ricardo Giglio, Presidente del Colegio de Magistrados y Funcionarios del Departamento Judicial de San Isidro; la Lic. Mar\u00eda Silvia Lacorazza \u2013 Presidenta de la Asociaci\u00f3n de Bibliotecarios Graduados de la Rep\u00fablica Argentina, y el Dr. Guillermo Esteban Jensen, Docente de esta sede y Ex Director del Departamento Acad\u00e9mico Buenos Aires.<\/p>\n\n\n\n<p>Desde la UCSE, <strong>extendemos nuestros saludos y felicitaciones a todos los egresados, dese\u00e1ndoles un futuro lleno de \u00e9xitos y logros<\/strong>.<\/p>\n","protected":false},"excerpt":{"rendered":"<p>Celebrando logros y trayectoria, se celebr\u00f3 una jornada memorable en UCSE Buenos Aires.<\/p>\n","protected":false},"author":2,"featured_media":10592,"comment_status":"closed","ping_status":"","sticky":false,"template":"","format":"standard","meta":{"_exactmetrics_skip_tracking":false,"_exactmetrics_sitenote_active":false,"_exactmetrics_sitenote_note":"","_exactmetrics_sitenote_category":0,"footnotes":""},"categories":[21],"tags":[52],"_links":{"self":[{"href":"https:\/\/www.ucse.edu.ar\/notiucse\/wp-json\/wp\/v2\/posts\/10590"}],"collection":[{"href":"https:\/\/www.ucse.edu.ar\/notiucse\/wp-json\/wp\/v2\/posts"}],"about":[{"href":"https:\/\/www.ucse.edu.ar\/notiucse\/wp-json\/wp\/v2\/types\/post"}],"author":[{"embeddable":true,"href":"https:\/\/www.ucse.edu.ar\/notiucse\/wp-json\/wp\/v2\/users\/2"}],"replies":[{"embeddable":true,"href":"https:\/\/www.ucse.edu.ar\/notiucse\/wp-json\/wp\/v2\/comments?post=10590"}],"version-history":[{"count":2,"href":"https:\/\/www.ucse.edu.ar\/notiucse\/wp-json\/wp\/v2\/posts\/10590\/revisions"}],"predecessor-version":[{"id":10594,"href":"https:\/\/www.ucse.edu.ar\/notiucse\/wp-json\/wp\/v2\/posts\/10590\/revisions\/10594"}],"wp:featuredmedia":[{"embeddable":true,"href":"https:\/\/www.ucse.edu.ar\/notiucse\/wp-json\/wp\/v2\/media\/10592"}],"wp:attachment":[{"href":"https:\/\/www.ucse.edu.ar\/notiucse\/wp-json\/wp\/v2\/media?parent=10590"}],"wp:term":[{"taxonomy":"category","embeddable":true,"href":"https:\/\/www.ucse.edu.ar\/notiucse\/wp-json\/wp\/v2\/categories?post=10590"},{"taxonomy":"post_tag","embeddable":true,"href":"https:\/\/www.ucse.edu.ar\/notiucse\/wp-json\/wp\/v2\/tags?post=10590"}],"curies":[{"name":"wp","href":"https:\/\/api.w.org\/{rel}","templated":true}]}}