{"id":10789,"date":"2024-06-03T19:11:26","date_gmt":"2024-06-03T22:11:26","guid":{"rendered":"https:\/\/www.ucse.edu.ar\/notiucse\/?p=10789"},"modified":"2024-06-03T19:13:41","modified_gmt":"2024-06-03T22:13:41","slug":"nueva-edicion-de-la-feria-artesanal-y-de-productos-de-huerta-en-ucse","status":"publish","type":"post","link":"https:\/\/www.ucse.edu.ar\/notiucse\/2024\/06\/03\/nueva-edicion-de-la-feria-artesanal-y-de-productos-de-huerta-en-ucse\/","title":{"rendered":"Lanzan Nuevas Fechas para Asistir a la Feria Artesanal y de Productos de Huerta en la UCSE"},"content":{"rendered":"\n<p>La Universidad Cat\u00f3lica de Santiago del Estero (UCSE) organizar\u00e1 una nueva edici\u00f3n de la <strong>Feria Artesanal y de Productos de Huerta los pr\u00f3ximos jueves 13 y 27 de junio<\/strong>. Este evento se llevar\u00e1 a cabo de <strong>9 a 13 horas en el campus de UCSE, frente a la cancha de b\u00e1squet<\/strong>, y ofrecer\u00e1 una gama variada de productos y artesan\u00edas locales.<\/p>\n\n\n\n<p>La feria contar\u00e1 con <strong>stands de tejidos, productos de huerta, plantas, alimentos saludables, y artesan\u00edas en metal, madera, cuero, cer\u00e1mica y vidrio<\/strong>. Este evento, <strong>impulsado por Facultad de Ciencias de la Salud<\/strong>, no solo busca promover la producci\u00f3n local y artesanal, sino tambi\u00e9n provocar la interacci\u00f3n entre el p\u00fablico en general y los productores locales.<\/p>\n\n\n\n<p>Para m\u00e1s informaci\u00f3n y detalles sobre c\u00f3mo participar o asistir, los interesados pueden contactar a trav\u00e9s del correo <a href=\"mailto:feria.artesanal@ucse.edu.ar\">feria.artesanal@ucse.edu.ar<\/a>. La feria promete ser una excelente oportunidad para disfrutar de productos \u00fanicos y de calidad, al mismo tiempo que se apoya a los artesanos y emprendedores de la localidad santiague\u00f1a.<\/p>\n","protected":false},"excerpt":{"rendered":"<p>La UCSE invita a toda la comunidad a la Feria Artesanal y de Productos de Huerta, que se realizar\u00e1 los jueves 13 y 27 de junio de 9 a 13 horas, frente a la cancha de b\u00e1squet del campus universitario.<\/p>\n","protected":false},"author":2,"featured_media":10790,"comment_status":"closed","ping_status":"","sticky":false,"template":"","format":"standard","meta":{"_exactmetrics_skip_tracking":false,"_exactmetrics_sitenote_active":false,"_exactmetrics_sitenote_note":"","_exactmetrics_sitenote_category":0,"footnotes":""},"categories":[9,72],"tags":[113],"_links":{"self":[{"href":"https:\/\/www.ucse.edu.ar\/notiucse\/wp-json\/wp\/v2\/posts\/10789"}],"collection":[{"href":"https:\/\/www.ucse.edu.ar\/notiucse\/wp-json\/wp\/v2\/posts"}],"about":[{"href":"https:\/\/www.ucse.edu.ar\/notiucse\/wp-json\/wp\/v2\/types\/post"}],"author":[{"embeddable":true,"href":"https:\/\/www.ucse.edu.ar\/notiucse\/wp-json\/wp\/v2\/users\/2"}],"replies":[{"embeddable":true,"href":"https:\/\/www.ucse.edu.ar\/notiucse\/wp-json\/wp\/v2\/comments?post=10789"}],"version-history":[{"count":3,"href":"https:\/\/www.ucse.edu.ar\/notiucse\/wp-json\/wp\/v2\/posts\/10789\/revisions"}],"predecessor-version":[{"id":10793,"href":"https:\/\/www.ucse.edu.ar\/notiucse\/wp-json\/wp\/v2\/posts\/10789\/revisions\/10793"}],"wp:featuredmedia":[{"embeddable":true,"href":"https:\/\/www.ucse.edu.ar\/notiucse\/wp-json\/wp\/v2\/media\/10790"}],"wp:attachment":[{"href":"https:\/\/www.ucse.edu.ar\/notiucse\/wp-json\/wp\/v2\/media?parent=10789"}],"wp:term":[{"taxonomy":"category","embeddable":true,"href":"https:\/\/www.ucse.edu.ar\/notiucse\/wp-json\/wp\/v2\/categories?post=10789"},{"taxonomy":"post_tag","embeddable":true,"href":"https:\/\/www.ucse.edu.ar\/notiucse\/wp-json\/wp\/v2\/tags?post=10789"}],"curies":[{"name":"wp","href":"https:\/\/api.w.org\/{rel}","templated":true}]}}