{"id":10914,"date":"2024-08-09T16:13:17","date_gmt":"2024-08-09T19:13:17","guid":{"rendered":"https:\/\/www.ucse.edu.ar\/notiucse\/?p=10914"},"modified":"2024-08-09T16:13:17","modified_gmt":"2024-08-09T19:13:17","slug":"profesor-de-la-ucse-participara-en-la-catedra-de-derecho-humano-a-la-paz-de-la-unlp","status":"publish","type":"post","link":"https:\/\/www.ucse.edu.ar\/notiucse\/2024\/08\/09\/profesor-de-la-ucse-participara-en-la-catedra-de-derecho-humano-a-la-paz-de-la-unlp\/","title":{"rendered":"Profesor de la UCSE Participar\u00e1 en la &#8220;C\u00e1tedra de Derecho Humano a la Paz&#8221; de la UNLP"},"content":{"rendered":"\n<p>El <strong>\u00c1rea de Posgrado de la Facultad de Ciencias Pol\u00edticas, Sociales y Jur\u00eddicas<\/strong> de la UCSE se complace en poner en conocimiento de la comunidad educativa la creaci\u00f3n de la <strong>\u00a0&#8220;C\u00e1tedra de Derecho Humano a la Paz&#8221; en la Universidad Nacional de La Plata (UNLP)<\/strong>.<\/p>\n\n\n<div class=\"wp-block-image\">\n<figure class=\"alignleft size-large is-resized\"><a href=\"http:\/\/www.ucse.edu.ar\/notiucse\/wp-content\/uploads\/2024\/08\/IMG_1081-scaled.jpg\"><img fetchpriority=\"high\" decoding=\"async\" width=\"1024\" height=\"683\" src=\"http:\/\/www.ucse.edu.ar\/notiucse\/wp-content\/uploads\/2024\/08\/IMG_1081-1024x683.jpg\" alt=\"\" class=\"wp-image-10955\" style=\"width:461px;height:auto\" srcset=\"https:\/\/www.ucse.edu.ar\/notiucse\/wp-content\/uploads\/2024\/08\/IMG_1081-1024x683.jpg 1024w, https:\/\/www.ucse.edu.ar\/notiucse\/wp-content\/uploads\/2024\/08\/IMG_1081-300x200.jpg 300w, https:\/\/www.ucse.edu.ar\/notiucse\/wp-content\/uploads\/2024\/08\/IMG_1081-768x512.jpg 768w, https:\/\/www.ucse.edu.ar\/notiucse\/wp-content\/uploads\/2024\/08\/IMG_1081-1536x1024.jpg 1536w, https:\/\/www.ucse.edu.ar\/notiucse\/wp-content\/uploads\/2024\/08\/IMG_1081-2048x1365.jpg 2048w, https:\/\/www.ucse.edu.ar\/notiucse\/wp-content\/uploads\/2024\/08\/IMG_1081-750x500.jpg 750w, https:\/\/www.ucse.edu.ar\/notiucse\/wp-content\/uploads\/2024\/08\/IMG_1081-1140x760.jpg 1140w\" sizes=\"(max-width: 1024px) 100vw, 1024px\" \/><\/a><\/figure><\/div>\n\n\n<p>Este espacio acad\u00e9mico, <strong>\u00fanico en el pa\u00eds y en toda Latinoam\u00e9rica<\/strong>, subraya la importancia de la paz como un derecho humano esencial. El <strong>Prof. Dr. Jos\u00e9 Antonio Musso<\/strong>, docente de la Carrera de Posgrado de <em>\u201cEspecializaci\u00f3n de Derechos Humanos\u201d<\/em>, integrar\u00e1 esta c\u00e1tedra junto a los Dres. Fabi\u00e1n Omar Salvioli y Norberto Erminio Consani. La UCSE felicita a la UNLP por esta iniciativa y a los miembros de la c\u00e1tedra por su merecido reconocimiento.<\/p>\n\n\n\n<p>El establecimiento de esta c\u00e1tedra no s\u00f3lo <strong>marca un logro acad\u00e9mico,<\/strong> sino que tambi\u00e9n refuerza el compromiso de la UCSE y la UNLP con la promoci\u00f3n de la paz y los derechos humanos. Este reconocimiento acad\u00e9mico se basa en la convicci\u00f3n de que la paz no solo es un valor universal, sino un derecho humano fundamental que debe ser protegido y promovido a trav\u00e9s de la educaci\u00f3n y la investigaci\u00f3n.<\/p>\n\n\n\n<p>El Prof. Dr. Jos\u00e9 Antonio Musso aporta su vasta experiencia y conocimiento a esta c\u00e1tedra, en colaboraci\u00f3n con los Dres. Fabi\u00e1n Omar Salvioli y Norberto Erminio Consani. La comunidad educativa celebra esta noticia y extiende sus felicitaciones a todos los involucrados en esta iniciativa materializada.<\/p>\n","protected":false},"excerpt":{"rendered":"<p>La UNLP impulsa la creaci\u00f3n de la primera c\u00e1tedra de derecho humano a la paz en Latinoam\u00e9rica y el Prof. Dr. Jos\u00e9 Antonio Musso de la UCSE formar\u00e1 parte de la misma<\/p>\n","protected":false},"author":2,"featured_media":10956,"comment_status":"closed","ping_status":"closed","sticky":false,"template":"","format":"standard","meta":{"_exactmetrics_skip_tracking":false,"_exactmetrics_sitenote_active":false,"_exactmetrics_sitenote_note":"","_exactmetrics_sitenote_category":0,"footnotes":""},"categories":[5,73],"tags":[39],"_links":{"self":[{"href":"https:\/\/www.ucse.edu.ar\/notiucse\/wp-json\/wp\/v2\/posts\/10914"}],"collection":[{"href":"https:\/\/www.ucse.edu.ar\/notiucse\/wp-json\/wp\/v2\/posts"}],"about":[{"href":"https:\/\/www.ucse.edu.ar\/notiucse\/wp-json\/wp\/v2\/types\/post"}],"author":[{"embeddable":true,"href":"https:\/\/www.ucse.edu.ar\/notiucse\/wp-json\/wp\/v2\/users\/2"}],"replies":[{"embeddable":true,"href":"https:\/\/www.ucse.edu.ar\/notiucse\/wp-json\/wp\/v2\/comments?post=10914"}],"version-history":[{"count":2,"href":"https:\/\/www.ucse.edu.ar\/notiucse\/wp-json\/wp\/v2\/posts\/10914\/revisions"}],"predecessor-version":[{"id":10958,"href":"https:\/\/www.ucse.edu.ar\/notiucse\/wp-json\/wp\/v2\/posts\/10914\/revisions\/10958"}],"wp:featuredmedia":[{"embeddable":true,"href":"https:\/\/www.ucse.edu.ar\/notiucse\/wp-json\/wp\/v2\/media\/10956"}],"wp:attachment":[{"href":"https:\/\/www.ucse.edu.ar\/notiucse\/wp-json\/wp\/v2\/media?parent=10914"}],"wp:term":[{"taxonomy":"category","embeddable":true,"href":"https:\/\/www.ucse.edu.ar\/notiucse\/wp-json\/wp\/v2\/categories?post=10914"},{"taxonomy":"post_tag","embeddable":true,"href":"https:\/\/www.ucse.edu.ar\/notiucse\/wp-json\/wp\/v2\/tags?post=10914"}],"curies":[{"name":"wp","href":"https:\/\/api.w.org\/{rel}","templated":true}]}}