{"id":10982,"date":"2024-08-19T17:58:09","date_gmt":"2024-08-19T20:58:09","guid":{"rendered":"https:\/\/www.ucse.edu.ar\/notiucse\/?p=10982"},"modified":"2024-08-19T17:58:11","modified_gmt":"2024-08-19T20:58:11","slug":"ucse-anuncia-5a-conferencia-del-ciclo-2024-enfoque-en-quistes-asimetrias-faciales-y-distraccion-osteogenica","status":"publish","type":"post","link":"https:\/\/www.ucse.edu.ar\/notiucse\/2024\/08\/19\/ucse-anuncia-5a-conferencia-del-ciclo-2024-enfoque-en-quistes-asimetrias-faciales-y-distraccion-osteogenica\/","title":{"rendered":"UCSE Anuncia 5\u00aa Conferencia del Ciclo 2024: Enfoque en Quistes, Asimetr\u00edas Faciales y Distracci\u00f3n Osteog\u00e9nica"},"content":{"rendered":"\n<p>El pr\u00f3ximo<strong> viernes 30 de agosto<\/strong>, en el <strong>Sal\u00f3n Auditorio de la Universidad Cat\u00f3lica de Santiago del Estero<\/strong> (UCSE) la instituci\u00f3n recibir\u00e1 al <strong>Prof. Dr. Roberto Guillermo Blanco<\/strong>, una figura de renombre en cirug\u00eda y traumatolog\u00eda buco maxilofacial, quien estar\u00e1 al frente de la quinta conferencia del Ciclo de Conferencias 2024.<\/p>\n\n\n\n<p>De<strong> 9 a 19 horas,<\/strong> la comunidad odontol\u00f3gica profesional tendr\u00e1 la oportunidad de profundizar en temas de gran relevancia como los <strong>quistes, las asimetr\u00edas faciales y la distracci\u00f3n osteog\u00e9nica<\/strong>, cuestiones que impactan directamente en la calidad de vida de los pacientes y en el ejercicio \u00e9tico de la odontolog\u00eda.<\/p>\n\n\n\n<p>La jornada se dividir\u00e1 en dos sesiones que incluir\u00e1n un receso de 13 a 15 horas para almorzar. Esta conferencia, adem\u00e1s de su valor acad\u00e9mico, <strong>es v\u00e1lida para la revalida \u00e9tica<\/strong>, subrayando la importancia de la actualizaci\u00f3n constante en el campo de la salud bucal.<\/p>\n\n\n\n<p>El Dr. Blanco, con su vasta experiencia y conocimiento, no solo ofrecer\u00e1 una visi\u00f3n profunda sobre estas problem\u00e1ticas, sino que tambi\u00e9n <strong>fomentar\u00e1 el intercambio de ideas y la discusi\u00f3n cr\u00edtica entre los asistentes<\/strong>. La conferencia est\u00e1 <strong>dirigida a odont\u00f3logos matriculados de Santiago del Estero (con matr\u00edcula al d\u00eda),<\/strong> quienes encontrar\u00e1n en este evento una oportunidad para actualizar sus conocimientos y ampliar su perspectiva en torno a las \u00faltimas tendencias y desaf\u00edos en odontolog\u00eda.<\/p>\n\n\n\n<p>Los cupos para participar de esta conferencia son <strong>LIMITADOS<\/strong>. Una actividad imperdible <strong>sin arancel<\/strong> y con <strong>certificaci\u00f3n digital de asistencia<\/strong>. Para participar puedes mandar un correo electr\u00f3nico a <a href=\"mailto:extension.salud@ucse.edu.ar\">extension.salud@ucse.edu.ar<\/a> o <a href=\"mailto:capacitacioncolegio7@gmail.com\">capacitacioncolegio7@gmail.com<\/a>\u00a0<\/p>\n","protected":false},"excerpt":{"rendered":"<p>Actividad gratuita y con certificaci\u00f3n. Dirigido a odont\u00f3logos con matr\u00edcula al d\u00eda. Conoc\u00e9 los detalles en la nota<\/p>\n","protected":false},"author":2,"featured_media":10983,"comment_status":"closed","ping_status":"closed","sticky":false,"template":"","format":"standard","meta":{"_exactmetrics_skip_tracking":false,"_exactmetrics_sitenote_active":false,"_exactmetrics_sitenote_note":"","_exactmetrics_sitenote_category":0,"footnotes":""},"categories":[9,72],"tags":[51],"_links":{"self":[{"href":"https:\/\/www.ucse.edu.ar\/notiucse\/wp-json\/wp\/v2\/posts\/10982"}],"collection":[{"href":"https:\/\/www.ucse.edu.ar\/notiucse\/wp-json\/wp\/v2\/posts"}],"about":[{"href":"https:\/\/www.ucse.edu.ar\/notiucse\/wp-json\/wp\/v2\/types\/post"}],"author":[{"embeddable":true,"href":"https:\/\/www.ucse.edu.ar\/notiucse\/wp-json\/wp\/v2\/users\/2"}],"replies":[{"embeddable":true,"href":"https:\/\/www.ucse.edu.ar\/notiucse\/wp-json\/wp\/v2\/comments?post=10982"}],"version-history":[{"count":1,"href":"https:\/\/www.ucse.edu.ar\/notiucse\/wp-json\/wp\/v2\/posts\/10982\/revisions"}],"predecessor-version":[{"id":10984,"href":"https:\/\/www.ucse.edu.ar\/notiucse\/wp-json\/wp\/v2\/posts\/10982\/revisions\/10984"}],"wp:featuredmedia":[{"embeddable":true,"href":"https:\/\/www.ucse.edu.ar\/notiucse\/wp-json\/wp\/v2\/media\/10983"}],"wp:attachment":[{"href":"https:\/\/www.ucse.edu.ar\/notiucse\/wp-json\/wp\/v2\/media?parent=10982"}],"wp:term":[{"taxonomy":"category","embeddable":true,"href":"https:\/\/www.ucse.edu.ar\/notiucse\/wp-json\/wp\/v2\/categories?post=10982"},{"taxonomy":"post_tag","embeddable":true,"href":"https:\/\/www.ucse.edu.ar\/notiucse\/wp-json\/wp\/v2\/tags?post=10982"}],"curies":[{"name":"wp","href":"https:\/\/api.w.org\/{rel}","templated":true}]}}