{"id":11023,"date":"2024-09-03T20:01:54","date_gmt":"2024-09-03T23:01:54","guid":{"rendered":"https:\/\/www.ucse.edu.ar\/notiucse\/?p=11023"},"modified":"2024-09-03T20:01:56","modified_gmt":"2024-09-03T23:01:56","slug":"seminario-un-recorrido-por-las-teorias-de-piaget-y-vygotsky-perspectivas-y-debates-epocales","status":"publish","type":"post","link":"https:\/\/www.ucse.edu.ar\/notiucse\/2024\/09\/03\/seminario-un-recorrido-por-las-teorias-de-piaget-y-vygotsky-perspectivas-y-debates-epocales\/","title":{"rendered":"Seminario: Un Recorrido por las Teor\u00edas de Piaget y Vygotsky &#8211; Perspectivas y Debates Epocales"},"content":{"rendered":"\n<p>La<strong> Facultad de Ciencias de la Salud de la UCSE<\/strong> invita a alumnos y egresados de las carreras de <strong>Licenciatura en Psicopedagog\u00eda y Licenciatura en Psicolog\u00eda<\/strong> a participar del seminario<strong> &#8220;Un Recorrido por las Teor\u00edas de Piaget y Vygotsky: Perspectivas y Debates Epocales&#8221;<\/strong>, a cargo de la<strong> Lic. Marta Nazari Abdala<\/strong>. El seminario se llevar\u00e1 a cabo los d\u00edas <strong>9, 18 y 24 de septiembre <\/strong>a las <strong>18 hs<\/strong> en el <strong>Aula 39<\/strong> de la UCSE, bajo una modalidad h\u00edbrida y con acceso no arancelado.<\/p>\n\n\n\n<p>El seminario consistir\u00e1 en<strong> tres clases te\u00f3rico-pr\u00e1cticas<\/strong>, donde se abordar\u00e1n las principales aportaciones de <strong>Jean Piaget y Lev Vygotsky<\/strong> al campo de la psicopedagog\u00eda, con un enfoque en los debates que han marcado sus teor\u00edas en diferentes \u00e9pocas. Adem\u00e1s, se realizar\u00e1 una clase final dedicada a la exposici\u00f3n grupal de conclusiones, donde los participantes transferir\u00e1n los conocimientos adquiridos a trav\u00e9s de un an\u00e1lisis focalizado en las herramientas psicopedag\u00f3gicas utilizadas durante el diagn\u00f3stico y an\u00e1lisis de contenidos.<\/p>\n\n\n\n<p>Esta es una oportunidad \u00fanica para profundizar en las teor\u00edas fundamentales que han moldeado la comprensi\u00f3n del desarrollo cognitivo y social en el \u00e1mbito educativo, permitiendo a los asistentes enriquecer su formaci\u00f3n profesional con un enfoque cr\u00edtico y contextualizado.<\/p>\n\n\n\n<p>Para m\u00e1s informaci\u00f3n e inscripciones, los interesados pueden comunicarse con Emanuel Maximiliano Ruiz a trav\u00e9s del correo: <a href=\"mailto:emanuelmaximiliano.ruiz@ucse.edu.ar\">emanuelmaximiliano.ruiz@ucse.edu.ar<\/a>.<\/p>\n","protected":false},"excerpt":{"rendered":"<p>Una capacitaci\u00f3n destinada a estudiantes egresados de las carreras Licenciatura en Psicopedagog\u00eda y Psicolog\u00eda. Inicia el 9 de septiembre<\/p>\n","protected":false},"author":2,"featured_media":11024,"comment_status":"closed","ping_status":"closed","sticky":false,"template":"","format":"standard","meta":{"_exactmetrics_skip_tracking":false,"_exactmetrics_sitenote_active":false,"_exactmetrics_sitenote_note":"","_exactmetrics_sitenote_category":0,"footnotes":""},"categories":[9,72],"tags":[],"_links":{"self":[{"href":"https:\/\/www.ucse.edu.ar\/notiucse\/wp-json\/wp\/v2\/posts\/11023"}],"collection":[{"href":"https:\/\/www.ucse.edu.ar\/notiucse\/wp-json\/wp\/v2\/posts"}],"about":[{"href":"https:\/\/www.ucse.edu.ar\/notiucse\/wp-json\/wp\/v2\/types\/post"}],"author":[{"embeddable":true,"href":"https:\/\/www.ucse.edu.ar\/notiucse\/wp-json\/wp\/v2\/users\/2"}],"replies":[{"embeddable":true,"href":"https:\/\/www.ucse.edu.ar\/notiucse\/wp-json\/wp\/v2\/comments?post=11023"}],"version-history":[{"count":1,"href":"https:\/\/www.ucse.edu.ar\/notiucse\/wp-json\/wp\/v2\/posts\/11023\/revisions"}],"predecessor-version":[{"id":11025,"href":"https:\/\/www.ucse.edu.ar\/notiucse\/wp-json\/wp\/v2\/posts\/11023\/revisions\/11025"}],"wp:featuredmedia":[{"embeddable":true,"href":"https:\/\/www.ucse.edu.ar\/notiucse\/wp-json\/wp\/v2\/media\/11024"}],"wp:attachment":[{"href":"https:\/\/www.ucse.edu.ar\/notiucse\/wp-json\/wp\/v2\/media?parent=11023"}],"wp:term":[{"taxonomy":"category","embeddable":true,"href":"https:\/\/www.ucse.edu.ar\/notiucse\/wp-json\/wp\/v2\/categories?post=11023"},{"taxonomy":"post_tag","embeddable":true,"href":"https:\/\/www.ucse.edu.ar\/notiucse\/wp-json\/wp\/v2\/tags?post=11023"}],"curies":[{"name":"wp","href":"https:\/\/api.w.org\/{rel}","templated":true}]}}