{"id":11069,"date":"2024-09-10T10:00:16","date_gmt":"2024-09-10T13:00:16","guid":{"rendered":"https:\/\/www.ucse.edu.ar\/notiucse\/?p=11069"},"modified":"2024-09-10T10:00:17","modified_gmt":"2024-09-10T13:00:17","slug":"se-llevo-a-cabo-el-xxvi-congreso-nacional-de-psicodiagnostico-y-las-xxxiii-jornadas-nacionales-en-ucse","status":"publish","type":"post","link":"https:\/\/www.ucse.edu.ar\/notiucse\/2024\/09\/10\/se-llevo-a-cabo-el-xxvi-congreso-nacional-de-psicodiagnostico-y-las-xxxiii-jornadas-nacionales-en-ucse\/","title":{"rendered":"Se llev\u00f3 a cabo el XXVI Congreso Nacional de Psicodiagn\u00f3stico y las XXXIII Jornadas Nacionales en UCSE"},"content":{"rendered":"\n<p>La Universidad Cat\u00f3lica de Santiago del Estero (UCSE) fue sede del <strong>XXVI Congreso Nacional de Psicodiagn\u00f3stico<\/strong> y las <strong>XXXIII Jornadas Nacionales &#8220;Avances en la Evaluaci\u00f3n Psicol\u00f3gica. Experiencia Cl\u00ednica, Nuevas Tecnolog\u00edas e Investigaci\u00f3n Sistem\u00e1tica&#8221;<\/strong>, que se desarrollaron los d\u00edas 6 y 7 de septiembre. Este evento cient\u00edfico, organizado por la Asociaci\u00f3n de Estudios e Investigaci\u00f3n en Psicodiagn\u00f3stico (ADEIP), reuni\u00f3 a profesionales y estudiantes de psicolog\u00eda para compartir los \u00faltimos avances en la disciplina.<\/p>\n\n\n\n<p>En el acto de apertura, la mesa fue presidida por autoridades del \u00e1mbito acad\u00e9mico y profesional, entre ellas la <strong>Lic. Mar\u00eda Rosa Barbar\u00e1n<\/strong>, Decana de la Facultad de Ciencias de la Salud de UCSE; la <strong>Lic. Roxana del Castillo<\/strong>, directora de la Licenciatura en Psicolog\u00eda; la <strong>Lic. Mariela Pacheco<\/strong>, presidente del Congreso; y la <strong>Dra. Mar\u00eda Elena Ocampo<\/strong>, presidente de ADEIP.<\/p>\n\n\n\n<p>Durante las dos jornadas, se desarrollaron <strong>conferencias, simposios, talleres, ponencias libres, mesas redondas, presentaciones de libros y exposiciones de p\u00f3sters<\/strong>, fomentando el intercambio de conocimientos y experiencias en torno a la <strong>evaluaci\u00f3n psicol\u00f3gica<\/strong> en sus diversas aplicaciones, con especial \u00e9nfasis en las <strong>nuevas tecnolog\u00edas<\/strong> y la <strong>investigaci\u00f3n sistem\u00e1tica<\/strong>.<\/p>\n","protected":false},"excerpt":{"rendered":"<p>Organizado por la ADEIP, el evento se consolid\u00f3 clave para demostrar los avances en la disciplina. Tuvo dos jornadas completas con diferentes actividades<\/p>\n","protected":false},"author":2,"featured_media":11070,"comment_status":"closed","ping_status":"closed","sticky":false,"template":"","format":"standard","meta":{"_exactmetrics_skip_tracking":false,"_exactmetrics_sitenote_active":false,"_exactmetrics_sitenote_note":"","_exactmetrics_sitenote_category":0,"footnotes":""},"categories":[73,72],"tags":[39],"_links":{"self":[{"href":"https:\/\/www.ucse.edu.ar\/notiucse\/wp-json\/wp\/v2\/posts\/11069"}],"collection":[{"href":"https:\/\/www.ucse.edu.ar\/notiucse\/wp-json\/wp\/v2\/posts"}],"about":[{"href":"https:\/\/www.ucse.edu.ar\/notiucse\/wp-json\/wp\/v2\/types\/post"}],"author":[{"embeddable":true,"href":"https:\/\/www.ucse.edu.ar\/notiucse\/wp-json\/wp\/v2\/users\/2"}],"replies":[{"embeddable":true,"href":"https:\/\/www.ucse.edu.ar\/notiucse\/wp-json\/wp\/v2\/comments?post=11069"}],"version-history":[{"count":1,"href":"https:\/\/www.ucse.edu.ar\/notiucse\/wp-json\/wp\/v2\/posts\/11069\/revisions"}],"predecessor-version":[{"id":11071,"href":"https:\/\/www.ucse.edu.ar\/notiucse\/wp-json\/wp\/v2\/posts\/11069\/revisions\/11071"}],"wp:featuredmedia":[{"embeddable":true,"href":"https:\/\/www.ucse.edu.ar\/notiucse\/wp-json\/wp\/v2\/media\/11070"}],"wp:attachment":[{"href":"https:\/\/www.ucse.edu.ar\/notiucse\/wp-json\/wp\/v2\/media?parent=11069"}],"wp:term":[{"taxonomy":"category","embeddable":true,"href":"https:\/\/www.ucse.edu.ar\/notiucse\/wp-json\/wp\/v2\/categories?post=11069"},{"taxonomy":"post_tag","embeddable":true,"href":"https:\/\/www.ucse.edu.ar\/notiucse\/wp-json\/wp\/v2\/tags?post=11069"}],"curies":[{"name":"wp","href":"https:\/\/api.w.org\/{rel}","templated":true}]}}