{"id":11077,"date":"2024-09-13T09:12:33","date_gmt":"2024-09-13T12:12:33","guid":{"rendered":"http:\/\/www.ucse.edu.ar\/notiucse\/?p=11077"},"modified":"2024-09-16T18:30:48","modified_gmt":"2024-09-16T21:30:48","slug":"charla-sobre-prevencion-de-adicciones-en-rafaela-dr-alfredo-miroli-disertara-en-el-cine-teatro-belgrano","status":"publish","type":"post","link":"https:\/\/www.ucse.edu.ar\/notiucse\/2024\/09\/13\/charla-sobre-prevencion-de-adicciones-en-rafaela-dr-alfredo-miroli-disertara-en-el-cine-teatro-belgrano\/","title":{"rendered":"Charla sobre prevenci\u00f3n de adicciones en Rafaela: Dr. Alfredo Miroli disertar\u00e1 en el Cine Teatro Belgrano"},"content":{"rendered":"\n<p><strong>Sobre el evento<\/strong><\/p>\n\n\n\n<p>El <strong>Departamento Acad\u00e9mico Rafaela<\/strong> de la Universidad Cat\u00f3lica de Santiago del Estero (UCSE) invita a la comunidad a una charla sobre <strong>&#8220;Prevenci\u00f3n de adicciones desde el \u00e1mbito familiar&#8221;<\/strong>, a cargo del <strong>Dr. Alfredo Miroli<\/strong>, reconocido m\u00e9dico especialista en inmunolog\u00eda. La cita ser\u00e1 el pr\u00f3ximo <strong>jueves 19 de septiembre a las 20:30 horas<\/strong> en el <strong>Cine Teatro Belgrano<\/strong> (Bv. Santa Fe 555).<\/p>\n\n\n\n<p>El Dr. Miroli, quien adem\u00e1s es <strong>director cient\u00edfico del CMI<\/strong> y <strong>presidente de la Sociedad Cient\u00edfica de Patolog\u00edas Adictivas del Colegio M\u00e9dico de Tucum\u00e1n<\/strong>, abordar\u00e1 la importancia del <strong>entorno familiar y educativo en la prevenci\u00f3n del consumo de drogas<\/strong>. En su disertaci\u00f3n, el especialista destacar\u00e1 el papel fundamental que juegan los padres y los educadores en la detecci\u00f3n de se\u00f1ales de alerta y la contenci\u00f3n de los j\u00f3venes.<\/p>\n\n\n\n<p>Este evento cuenta con el apoyo del <strong>Gobierno Municipal de Rafaela<\/strong>, La <strong>Universidad de Ciencias Empresariales y Sociales<\/strong>, el <strong>Departamento Acad\u00e9mico Rafaela de la Universidad Cat\u00f3lica de Santiago del Estero<\/strong> (UCSE), la <strong>Asociaci\u00f3n M\u00e9dica del Departamento Castellanos<\/strong>, <strong>OSMEDICA<\/strong> y el <strong>Colegio de M\u00e9dicos de Santa Fe <\/strong>(1ra. Circunscripci\u00f3n), quienes de este modo se unen a la celebraci\u00f3n de los 60 a\u00f1os de servicio de <strong>Centro Asistencial a la comunidad de Rafaela.<\/strong><\/p>\n\n\n\n<p>La entrada es gratuita y con inscripci\u00f3n previa (hac\u00e9 click <a href=\"https:\/\/www.centroasistencial.com.ar\/inscripcion\/\">aqu\u00ed<\/a> para acceder al formulario) Se solicita a los asistentes colaborar con un alimento no perecedero, que ser\u00e1 donado al merendero <strong>Rinconcito de Luz<\/strong>.<\/p>\n\n\n\n<p><strong>Sobre Centro Asistencial<\/strong><\/p>\n\n\n\n<p>Centro Asistencial fue la primera obra social gremial en la provincia de Santa Fe y una de las pioneras a nivel nacional. Naci\u00f3 en 1964, pr\u00e1cticamente al mismo tiempo que la seguridad social se consolidaba en la comunidad. Desde entonces, la Asociaci\u00f3n M\u00e9dica del Departamento Castellanos (AMDC) ha proporcionado un sistema de salud solidario, garantizando atenci\u00f3n m\u00e9dica en casos de enfermedad y promoviendo diversas herramientas de prevenci\u00f3n en una amplia regi\u00f3n que abarca el noroeste de Santa Fe y el este de C\u00f3rdoba. Gracias a su contacto directo con las personas, su experiencia de m\u00e1s de 50 a\u00f1os y su profundo conocimiento de las comunidades, han logrado dise\u00f1ar planes de cobertura ajustados a las diversas necesidades de la poblaci\u00f3n.<\/p>\n\n\n\n<p>En la actualidad, ofrece beneficios y descuentos a los integrantes de las comunidades educativas de nuestro departamento acad\u00e9mico, as\u00ed como tambi\u00e9n a la Escuela de la Plaza en todos sus niveles.<\/p>\n","protected":false},"excerpt":{"rendered":"<p>Una oportunidad valiosa para reflexionar sobre el rol de la familia en la lucha contra las adicciones.<\/p>\n","protected":false},"author":2,"featured_media":11080,"comment_status":"closed","ping_status":"closed","sticky":false,"template":"","format":"standard","meta":{"_exactmetrics_skip_tracking":false,"_exactmetrics_sitenote_active":false,"_exactmetrics_sitenote_note":"","_exactmetrics_sitenote_category":0,"footnotes":""},"categories":[20],"tags":[35],"_links":{"self":[{"href":"https:\/\/www.ucse.edu.ar\/notiucse\/wp-json\/wp\/v2\/posts\/11077"}],"collection":[{"href":"https:\/\/www.ucse.edu.ar\/notiucse\/wp-json\/wp\/v2\/posts"}],"about":[{"href":"https:\/\/www.ucse.edu.ar\/notiucse\/wp-json\/wp\/v2\/types\/post"}],"author":[{"embeddable":true,"href":"https:\/\/www.ucse.edu.ar\/notiucse\/wp-json\/wp\/v2\/users\/2"}],"replies":[{"embeddable":true,"href":"https:\/\/www.ucse.edu.ar\/notiucse\/wp-json\/wp\/v2\/comments?post=11077"}],"version-history":[{"count":5,"href":"https:\/\/www.ucse.edu.ar\/notiucse\/wp-json\/wp\/v2\/posts\/11077\/revisions"}],"predecessor-version":[{"id":11105,"href":"https:\/\/www.ucse.edu.ar\/notiucse\/wp-json\/wp\/v2\/posts\/11077\/revisions\/11105"}],"wp:featuredmedia":[{"embeddable":true,"href":"https:\/\/www.ucse.edu.ar\/notiucse\/wp-json\/wp\/v2\/media\/11080"}],"wp:attachment":[{"href":"https:\/\/www.ucse.edu.ar\/notiucse\/wp-json\/wp\/v2\/media?parent=11077"}],"wp:term":[{"taxonomy":"category","embeddable":true,"href":"https:\/\/www.ucse.edu.ar\/notiucse\/wp-json\/wp\/v2\/categories?post=11077"},{"taxonomy":"post_tag","embeddable":true,"href":"https:\/\/www.ucse.edu.ar\/notiucse\/wp-json\/wp\/v2\/tags?post=11077"}],"curies":[{"name":"wp","href":"https:\/\/api.w.org\/{rel}","templated":true}]}}