{"id":11124,"date":"2024-09-20T16:26:49","date_gmt":"2024-09-20T19:26:49","guid":{"rendered":"https:\/\/www.ucse.edu.ar\/notiucse\/?p=11124"},"modified":"2024-09-20T16:26:51","modified_gmt":"2024-09-20T19:26:51","slug":"curso-online-sobre-reforma-laboral-un-abordaje-de-la-ley-de-bases-y-la-ley-15-057","status":"publish","type":"post","link":"https:\/\/www.ucse.edu.ar\/notiucse\/2024\/09\/20\/curso-online-sobre-reforma-laboral-un-abordaje-de-la-ley-de-bases-y-la-ley-15-057\/","title":{"rendered":"Curso online sobre Reforma Laboral: un abordaje de la Ley de Bases y la Ley 15.057"},"content":{"rendered":"\n<p>La sede Buenos Aires de la Universidad Cat\u00f3lica de Santiago del Estero (UCSE) abre la inscripci\u00f3n para un curso online que profundiza en la reforma laboral en Argentina, con un an\u00e1lisis detallado de la Ley de Bases y la Ley 15.057. Este curso, dise\u00f1ado para profesionales del derecho y estudiantes avanzados, ofrece una oportunidad \u00fanica de estudiar las modificaciones m\u00e1s relevantes en el \u00e1mbito laboral argentino de la mano de expertos destacados en el \u00e1rea.<\/p>\n\n\n\n<p>El curso se organiza en <strong>dos bloques<\/strong>: el primero se centrar\u00e1 en la Ley de Bases, con cuatro encuentros, y el segundo en la Ley 15.057, con tres clases. Ambos m\u00f3dulos est\u00e1n dirigidos por un cuerpo docente que guiar\u00e1n a los participantes en el tema: el Dr. Eduard Curuchet, el Dr. Miguel Maza, la Dra. Agustina Lacoa, la Dra. Eleonora Slavin, el Dr. Diego Tula y el Dr. Osvaldo Maddaloni.<\/p>\n\n\n\n<h3 class=\"wp-block-heading\">Bloque 1: Ley de Bases<\/h3>\n\n\n\n<p><strong>Inicio: martes 24 de septiembre a las 17 hs<\/strong><br>En este bloque, se abordar\u00e1n los cambios introducidos en la Ley de Contrato de Trabajo (L.C.T), prestando especial atenci\u00f3n a las presunciones de no laboralidad, los trabajadores independientes con colaboradores, la responsabilidad solidaria y las modificaciones en los art\u00edculos 2 y 23 de la L.C.T.<\/p>\n\n\n\n<p>Los encuentros se desarrollar\u00e1n los d\u00edas:<\/p>\n\n\n\n<ul>\n<li><strong>Martes 24\/09<\/strong><\/li>\n\n\n\n<li>17 a 18 hs: Introducci\u00f3n general y aplicaci\u00f3n de la ley en el tiempo<\/li>\n\n\n\n<li>18 a 20 hs: Presunciones de (NO) laboralidad, modificaci\u00f3n de los arts. 2 y 23 de la L.C.T.<\/li>\n\n\n\n<li><strong>Martes 1\/10<\/strong><\/li>\n\n\n\n<li>18 a 20 hs: Periodo de prueba y despido discriminatorio. Reforma del art. 242 de la L.C.T.<\/li>\n\n\n\n<li><strong>Martes 8\/10<\/strong><\/li>\n\n\n\n<li>18 a 20 hs: Reclamaci\u00f3n de da\u00f1os y perjuicios por omisiones del empleador.<\/li>\n\n\n\n<li><strong>Mi\u00e9rcoles 16\/10<\/strong><\/li>\n\n\n\n<li>18 a 20 hs: Registro del contrato de trabajo y fondo de cese laboral. Reglamentaci\u00f3n.<\/li>\n<\/ul>\n\n\n\n<h3 class=\"wp-block-heading\">Bloque 2: Ley 15.057<\/h3>\n\n\n\n<p><strong>Inicio: mi\u00e9rcoles 23 de octubre a las 18 hs<\/strong><br>Este segundo bloque examinar\u00e1 las modificaciones estructurales del procedimiento laboral en la provincia de Buenos Aires, haciendo foco en los aspectos pr\u00e1cticos de la nueva normativa. Se tratar\u00e1n temas como los intereses por cr\u00e9ditos laborales tanto en la PBA como en la JNT.<\/p>\n\n\n\n<p>Los encuentros est\u00e1n programados para:<\/p>\n\n\n\n<ul>\n<li><strong>Mi\u00e9rcoles 23\/10<\/strong><\/li>\n\n\n\n<li>18 a 20 hs: Introducci\u00f3n general y modificaciones estructurales en el procedimiento laboral de la PBA.<\/li>\n\n\n\n<li><strong>Martes 29\/10<\/strong><\/li>\n\n\n\n<li>18 a 20 hs: Aspectos pr\u00e1cticos del nuevo procedimiento laboral.<\/li>\n\n\n\n<li><strong>Lunes 4\/11<\/strong><\/li>\n\n\n\n<li>18 a 20 hs: Intereses por cr\u00e9ditos laborales en la PBA y la JNT.<\/li>\n<\/ul>\n\n\n\n<p><strong>Para m\u00e1s informaci\u00f3n e inscripciones<\/strong>, los interesados pueden escribir a <strong><a href=\"mailto:info.daba@ucse.edu.ar\">info.daba@ucse.edu.ar<\/a><\/strong>.<\/p>\n","protected":false},"excerpt":{"rendered":"<p>Imperdible curso para aquellos profesionales que quieran profundizar en las recientes modificaciones legales. Inicia el martes 24 de septiembre <\/p>\n","protected":false},"author":2,"featured_media":11125,"comment_status":"closed","ping_status":"closed","sticky":false,"template":"","format":"standard","meta":{"_exactmetrics_skip_tracking":false,"_exactmetrics_sitenote_active":false,"_exactmetrics_sitenote_note":"","_exactmetrics_sitenote_category":0,"footnotes":""},"categories":[21],"tags":[48],"_links":{"self":[{"href":"https:\/\/www.ucse.edu.ar\/notiucse\/wp-json\/wp\/v2\/posts\/11124"}],"collection":[{"href":"https:\/\/www.ucse.edu.ar\/notiucse\/wp-json\/wp\/v2\/posts"}],"about":[{"href":"https:\/\/www.ucse.edu.ar\/notiucse\/wp-json\/wp\/v2\/types\/post"}],"author":[{"embeddable":true,"href":"https:\/\/www.ucse.edu.ar\/notiucse\/wp-json\/wp\/v2\/users\/2"}],"replies":[{"embeddable":true,"href":"https:\/\/www.ucse.edu.ar\/notiucse\/wp-json\/wp\/v2\/comments?post=11124"}],"version-history":[{"count":1,"href":"https:\/\/www.ucse.edu.ar\/notiucse\/wp-json\/wp\/v2\/posts\/11124\/revisions"}],"predecessor-version":[{"id":11126,"href":"https:\/\/www.ucse.edu.ar\/notiucse\/wp-json\/wp\/v2\/posts\/11124\/revisions\/11126"}],"wp:featuredmedia":[{"embeddable":true,"href":"https:\/\/www.ucse.edu.ar\/notiucse\/wp-json\/wp\/v2\/media\/11125"}],"wp:attachment":[{"href":"https:\/\/www.ucse.edu.ar\/notiucse\/wp-json\/wp\/v2\/media?parent=11124"}],"wp:term":[{"taxonomy":"category","embeddable":true,"href":"https:\/\/www.ucse.edu.ar\/notiucse\/wp-json\/wp\/v2\/categories?post=11124"},{"taxonomy":"post_tag","embeddable":true,"href":"https:\/\/www.ucse.edu.ar\/notiucse\/wp-json\/wp\/v2\/tags?post=11124"}],"curies":[{"name":"wp","href":"https:\/\/api.w.org\/{rel}","templated":true}]}}