{"id":11143,"date":"2024-09-30T16:43:16","date_gmt":"2024-09-30T19:43:16","guid":{"rendered":"https:\/\/www.ucse.edu.ar\/notiucse\/?p=11143"},"modified":"2024-09-30T16:43:18","modified_gmt":"2024-09-30T19:43:18","slug":"se-realizara-una-jornada-conmemorativa-por-el-dia-del-martillero-publico-y-corredor-inmobiliario","status":"publish","type":"post","link":"https:\/\/www.ucse.edu.ar\/notiucse\/2024\/09\/30\/se-realizara-una-jornada-conmemorativa-por-el-dia-del-martillero-publico-y-corredor-inmobiliario\/","title":{"rendered":"Se Realizar\u00e1 una Jornada Conmemorativa por el D\u00eda del Martillero P\u00fablico y Corredor Inmobiliario"},"content":{"rendered":"\n<p>En conmemoraci\u00f3n del D\u00eda del Martillero P\u00fablico y Corredor Inmobiliario, el pr\u00f3ximo martes 15 de octubre a las 16:00 horas se llevar\u00e1 a cabo una jornada especial v\u00eda Zoom. Este evento \u00fanico contar\u00e1 con la participaci\u00f3n de autoridades que abordar\u00e1n temas relevantes y actuales de la profesi\u00f3n.<\/p>\n\n\n\n<p>Entre los disertantes se encuentran:<\/p>\n\n\n\n<ul>\n<li><strong>Luis Colao<\/strong>, Presidente del Colegio de Martilleros de la Provincia de Buenos Aires, quien expondr\u00e1 sobre el corretaje y el rol social de la actividad.<\/li>\n\n\n\n<li><strong>Paula M\u00e9ndez<\/strong>, Presidenta del Colegio de Martilleros de San Isidro, abordar\u00e1 tambi\u00e9n el corretaje desde la perspectiva de su impacto social. <\/li>\n\n\n\n<li><strong>Daniel Boveri<\/strong>, Profesor especializado en Tasaci\u00f3n, quien tratar\u00e1 la tasaci\u00f3n en propiedad horizontal.<\/li>\n\n\n\n<li><strong>Adri\u00e1n Mandrille<\/strong>, Profesor y experto en la actuaci\u00f3n del martillero en la actividad h\u00edpica, ofrecer\u00e1 su visi\u00f3n sobre este \u00e1mbito particular.<\/li>\n<\/ul>\n\n\n\n<p>Los temas centrales incluir\u00e1n el rol social del corretaje, la tasaci\u00f3n en propiedad horizontal y la actuaci\u00f3n del martillero en la actividad h\u00edpica, ofreciendo una mirada completa de la profesi\u00f3n en sus distintas facetas. <\/p>\n\n\n\n<p>Para m\u00e1s informaci\u00f3n, los interesados pueden comunicarse al correo: info.daba@ucse.edu.ar.<br>Aquellos que deseen participar pueden inscribirse completando el formulario a trav\u00e9s del siguiente enlace: <a href=\"https:\/\/forms.gle\/2WhiD31x2G9cNtNR9\">Formulario de inscripci\u00f3n<\/a>. <\/p>\n","protected":false},"excerpt":{"rendered":"<p>Conoc\u00e9 esta propuesta impulsada por Sede Buenos Aires. Modalidad virtual y abierto al p\u00fablico. <\/p>\n","protected":false},"author":2,"featured_media":11144,"comment_status":"closed","ping_status":"closed","sticky":false,"template":"","format":"standard","meta":{"_exactmetrics_skip_tracking":false,"_exactmetrics_sitenote_active":false,"_exactmetrics_sitenote_note":"","_exactmetrics_sitenote_category":0,"footnotes":""},"categories":[21],"tags":[],"_links":{"self":[{"href":"https:\/\/www.ucse.edu.ar\/notiucse\/wp-json\/wp\/v2\/posts\/11143"}],"collection":[{"href":"https:\/\/www.ucse.edu.ar\/notiucse\/wp-json\/wp\/v2\/posts"}],"about":[{"href":"https:\/\/www.ucse.edu.ar\/notiucse\/wp-json\/wp\/v2\/types\/post"}],"author":[{"embeddable":true,"href":"https:\/\/www.ucse.edu.ar\/notiucse\/wp-json\/wp\/v2\/users\/2"}],"replies":[{"embeddable":true,"href":"https:\/\/www.ucse.edu.ar\/notiucse\/wp-json\/wp\/v2\/comments?post=11143"}],"version-history":[{"count":1,"href":"https:\/\/www.ucse.edu.ar\/notiucse\/wp-json\/wp\/v2\/posts\/11143\/revisions"}],"predecessor-version":[{"id":11145,"href":"https:\/\/www.ucse.edu.ar\/notiucse\/wp-json\/wp\/v2\/posts\/11143\/revisions\/11145"}],"wp:featuredmedia":[{"embeddable":true,"href":"https:\/\/www.ucse.edu.ar\/notiucse\/wp-json\/wp\/v2\/media\/11144"}],"wp:attachment":[{"href":"https:\/\/www.ucse.edu.ar\/notiucse\/wp-json\/wp\/v2\/media?parent=11143"}],"wp:term":[{"taxonomy":"category","embeddable":true,"href":"https:\/\/www.ucse.edu.ar\/notiucse\/wp-json\/wp\/v2\/categories?post=11143"},{"taxonomy":"post_tag","embeddable":true,"href":"https:\/\/www.ucse.edu.ar\/notiucse\/wp-json\/wp\/v2\/tags?post=11143"}],"curies":[{"name":"wp","href":"https:\/\/api.w.org\/{rel}","templated":true}]}}