{"id":11180,"date":"2024-10-04T13:21:29","date_gmt":"2024-10-04T16:21:29","guid":{"rendered":"https:\/\/www.ucse.edu.ar\/notiucse\/?p=11180"},"modified":"2024-10-04T13:21:31","modified_gmt":"2024-10-04T16:21:31","slug":"ucse-participo-de-la-ii-feria-de-proyectos-ambientales","status":"publish","type":"post","link":"https:\/\/www.ucse.edu.ar\/notiucse\/2024\/10\/04\/ucse-participo-de-la-ii-feria-de-proyectos-ambientales\/","title":{"rendered":"UCSE Particip\u00f3 de la II Feria de Proyectos Ambientales\u00a0"},"content":{"rendered":"\n<p>El d\u00eda 27 de septiembre se realiz\u00f3 en la localidad de Nueva Francia la <strong>\u201cII Feria de Proyectos Ambientales\u201d <\/strong>en la sede del <strong>Instituto Secundario \u201cM. A. de Paz y Figueroa\u201d<\/strong>. La feria cont\u00f3 con la exposici\u00f3n de <strong>28 proyectos ambientales<\/strong> de establecimientos de diferentes niveles educativos y de organizaciones de la sociedad civil provenientes de Santiago Capital, La Banda, Termas de R\u00edo Hondo, Fr\u00edas, Atamisqui, Loreto, Nueva Francia, El Zanj\u00f3n, El Bobadal, Puestito de San Antonio, Bandera y Tucum\u00e1n.\u00a0<\/p>\n\n\n\n<p>\u00a0Esta segunda Feria fue organizada por<strong> INTA, UNSE, UCSE, Secretaria de Ciencia y Tecnolog\u00eda, Instituto M. A. de Paz y Figueroa, Fundaci\u00f3n Casa de la Juventud, Colegio \u201cGiuseppe Tovini\u201d, Profesorado \u201cVittorino Chizzolini\u201d y las Comisiones Municipales de Nueva Francia y El Zanj\u00f3n.<\/strong> Cont\u00f3 con el auspicio del Banco de alimentos.\u00a0<\/p>\n\n\n\n<p>\u00a0La jornada tuvo diversas<strong> instancias de debate y acciones por la Educaci\u00f3n Ambiental<\/strong>. Se inici\u00f3 con las <strong>palabras de bienvenida del Rector de la Universidad Cat\u00f3lica de Santiago del Estero, Ing. Luis Lucena<\/strong>. A continuaci\u00f3n, se desarroll\u00f3 una Mesa de di\u00e1logo entre actores representantes de las instituciones organizadoras, a partir del lema de la organizaci\u00f3n para este a\u00f1o: \u201cEducaci\u00f3n ambiental situada y la participaci\u00f3n ciudadana\u201d. La mesa estuvo conformada por el Ing. Luis Eugenio Lucena (rector UCSE), la Ing. Ftal. Nadia Salim (INTA), Ivana Noeli Diaz (Fundaci\u00f3n Casa de la Juventud), la Lic. Claudia Cancinos (SAED), Wendi Navarro y Brunella Ontivero (estudiantes del Colegio Mar\u00eda Antonia de Paz y Figueroa<em>)<\/em>. M\u00e1s adelante, se realiz\u00f3 una plantaci\u00f3n comunitaria en el predio del Instituto Mar\u00eda Paz y Figueroa con algarrobos para frutos, que fueron donados por la UCSE a partir de la estaci\u00f3n experimental de Fern\u00e1ndez y que cont\u00f3 con la participaci\u00f3n de ing. Forestales de INTA, la C\u00e1tedra de Repoblaciones y Ecolog\u00eda forestal, y estudiantes de la UNSE.\u00a0\u00a0<\/p>\n\n\n\n<p>En la jornada, las instituciones y organizaciones expusieron sus proyectos ante los y las evaluadores y una gran participaci\u00f3n de p\u00fablico. En simult\u00e1neo, emprendedores y productores locales ofrecieron sus productos. Adem\u00e1s, durante la tarde disertaron en una Mesa panel el Dr. Enrique Roger (UNSE), la Lic. Adriana Ruiz (INTA), la Lic. Georgina Vitar (Municipalidad de Tucum\u00e1n) y Ing. Agr. Natalia Zalazar (UCSE). En esta instancia se compartieron acciones de las instituciones y conceptos como la importancia de los bosques urbanos, la econom\u00eda circular y producciones sostenibles.&nbsp;<\/p>\n\n\n\n<p>Para finalizar se premiaron a los Proyectos Ambientales mejor puntuados, de acuerdo a sus correspondientes niveles educativos. En el nivel universitario obtuvo una distinci\u00f3n la Huerta Org\u00e1nica Demostrativa, de la Facultad de Ciencias de la Salud quienes asistieron y expusieron su stand. <\/p>\n\n\n\n<p>En esta ocasi\u00f3n por la UCSE participaron el<strong> Rector Ing. Luis Eugenio Lucena, docentes de la Tecnicatura Universitaria en Producciones Agroecol\u00f3gicas y Org\u00e1nicas <\/strong>en la organizaci\u00f3n, evaluaci\u00f3n y disertaci\u00f3n. Felicitamos a qui\u00e9nes llevan adelante la Huerta Org\u00e1nica Demostrativa en la Facultad de Ciencias de la Salud de UCSE por la distinci\u00f3n como proyecto de educaci\u00f3n ambiental en el nivel universitario.\u00a0<\/p>\n\n\n\n<p>En suma, la jornada ofreci\u00f3 un espacio para que estudiantes y docentes expongan y visibilicen sus acciones frente a las problem\u00e1ticas ambientales a trav\u00e9s de proyectos escolares en los que intervengan distintos espacios curriculares. Adem\u00e1s, un espacio valioso para construir respuestas frente a los desaf\u00edos ante el cambio clim\u00e1tico.&nbsp;&nbsp;<\/p>\n","protected":false},"excerpt":{"rendered":"<p>La \u201cII Feria de Proyectos Ambientales\u201d reuni\u00f3 a instituciones educativas y organizaciones en Nueva Francia, donde se presentaron 28 proyectos enfocados en la educaci\u00f3n ambiental y la participaci\u00f3n ciudadana<\/p>\n","protected":false},"author":2,"featured_media":11181,"comment_status":"closed","ping_status":"closed","sticky":false,"template":"","format":"standard","meta":{"_exactmetrics_skip_tracking":false,"_exactmetrics_sitenote_active":false,"_exactmetrics_sitenote_note":"","_exactmetrics_sitenote_category":0,"footnotes":""},"categories":[73],"tags":[39],"_links":{"self":[{"href":"https:\/\/www.ucse.edu.ar\/notiucse\/wp-json\/wp\/v2\/posts\/11180"}],"collection":[{"href":"https:\/\/www.ucse.edu.ar\/notiucse\/wp-json\/wp\/v2\/posts"}],"about":[{"href":"https:\/\/www.ucse.edu.ar\/notiucse\/wp-json\/wp\/v2\/types\/post"}],"author":[{"embeddable":true,"href":"https:\/\/www.ucse.edu.ar\/notiucse\/wp-json\/wp\/v2\/users\/2"}],"replies":[{"embeddable":true,"href":"https:\/\/www.ucse.edu.ar\/notiucse\/wp-json\/wp\/v2\/comments?post=11180"}],"version-history":[{"count":1,"href":"https:\/\/www.ucse.edu.ar\/notiucse\/wp-json\/wp\/v2\/posts\/11180\/revisions"}],"predecessor-version":[{"id":11182,"href":"https:\/\/www.ucse.edu.ar\/notiucse\/wp-json\/wp\/v2\/posts\/11180\/revisions\/11182"}],"wp:featuredmedia":[{"embeddable":true,"href":"https:\/\/www.ucse.edu.ar\/notiucse\/wp-json\/wp\/v2\/media\/11181"}],"wp:attachment":[{"href":"https:\/\/www.ucse.edu.ar\/notiucse\/wp-json\/wp\/v2\/media?parent=11180"}],"wp:term":[{"taxonomy":"category","embeddable":true,"href":"https:\/\/www.ucse.edu.ar\/notiucse\/wp-json\/wp\/v2\/categories?post=11180"},{"taxonomy":"post_tag","embeddable":true,"href":"https:\/\/www.ucse.edu.ar\/notiucse\/wp-json\/wp\/v2\/tags?post=11180"}],"curies":[{"name":"wp","href":"https:\/\/api.w.org\/{rel}","templated":true}]}}