{"id":11186,"date":"2024-10-07T17:46:22","date_gmt":"2024-10-07T20:46:22","guid":{"rendered":"https:\/\/www.ucse.edu.ar\/notiucse\/?p=11186"},"modified":"2024-10-07T17:46:22","modified_gmt":"2024-10-07T20:46:22","slug":"inicio-en-ucse-el-curso-sobre-reforma-laboral-con-mas-de-110-inscriptos","status":"publish","type":"post","link":"https:\/\/www.ucse.edu.ar\/notiucse\/2024\/10\/07\/inicio-en-ucse-el-curso-sobre-reforma-laboral-con-mas-de-110-inscriptos\/","title":{"rendered":"Inici\u00f3 en UCSE el curso sobre Reforma Laboral con m\u00e1s de 110 inscriptos"},"content":{"rendered":"\n<p>El pasado <strong>29 de septiembre<\/strong>, la Universidad Cat\u00f3lica de Santiago del Estero (UCSE) dio inicio al <strong>Curso de Reforma Laboral de la Ley de Bases y Ley 15.057<\/strong>, en el que participan m\u00e1s de <strong>110 profesionales<\/strong> del Derecho. Esta formaci\u00f3n se desarrolla en el marco de la <strong>Especializaci\u00f3n en Derecho del Trabajo<\/strong> que ofrece la<strong> Facultad de Abogac\u00eda <\/strong>de la instituci\u00f3n, y tiene como objetivo actualizar a los profesionales sobre las recientes reformas laborales en Argentina.<\/p>\n\n\n\n<p>La capacitaci\u00f3n se compone de <strong>dos bloques tem\u00e1ticos<\/strong>: el primero, centrado en la Ley de Bases, se llevar\u00e1 a cabo el martes 8 y mi\u00e9rcoles 16 de octubre; mientras que el segundo, enfocado en la Ley 15.057, se desarrollar\u00e1 los d\u00edas 23 y 29 de octubre y el 4 de noviembre. <\/p>\n\n\n\n<p>Estas instancias de formaci\u00f3n se suman a un <strong>ciclo de capacitaciones a nivel nacional<\/strong> que UCSE\/DABA promueve para actualizar a los abogados en el campo del Derecho Laboral. Adem\u00e1s, la universidad ha anunciado el lanzamiento de una nueva cohorte de la Especializaci\u00f3n en Derecho del Trabajo para 2025, con inscripciones que comenzar\u00e1n en octubre de 2024. <\/p>\n\n\n\n<p><strong>Todav\u00eda quedan cupos disponibles<\/strong> para quienes deseen participar en los cinco encuentros restantes de esta capacitaci\u00f3n y ampliar sus conocimientos sobre la normativa laboral vigente en el pa\u00eds. <\/p>\n","protected":false},"excerpt":{"rendered":"<p>Quedando 5 encuentros disponibles, las inscripciones siguen abiertas para aquellos profesionales que quieran ampliar su conocimiento sobre reforma laboral <\/p>\n","protected":false},"author":2,"featured_media":11187,"comment_status":"closed","ping_status":"closed","sticky":false,"template":"","format":"standard","meta":{"_exactmetrics_skip_tracking":false,"_exactmetrics_sitenote_active":false,"_exactmetrics_sitenote_note":"","_exactmetrics_sitenote_category":0,"footnotes":""},"categories":[21],"tags":[52],"_links":{"self":[{"href":"https:\/\/www.ucse.edu.ar\/notiucse\/wp-json\/wp\/v2\/posts\/11186"}],"collection":[{"href":"https:\/\/www.ucse.edu.ar\/notiucse\/wp-json\/wp\/v2\/posts"}],"about":[{"href":"https:\/\/www.ucse.edu.ar\/notiucse\/wp-json\/wp\/v2\/types\/post"}],"author":[{"embeddable":true,"href":"https:\/\/www.ucse.edu.ar\/notiucse\/wp-json\/wp\/v2\/users\/2"}],"replies":[{"embeddable":true,"href":"https:\/\/www.ucse.edu.ar\/notiucse\/wp-json\/wp\/v2\/comments?post=11186"}],"version-history":[{"count":1,"href":"https:\/\/www.ucse.edu.ar\/notiucse\/wp-json\/wp\/v2\/posts\/11186\/revisions"}],"predecessor-version":[{"id":11188,"href":"https:\/\/www.ucse.edu.ar\/notiucse\/wp-json\/wp\/v2\/posts\/11186\/revisions\/11188"}],"wp:featuredmedia":[{"embeddable":true,"href":"https:\/\/www.ucse.edu.ar\/notiucse\/wp-json\/wp\/v2\/media\/11187"}],"wp:attachment":[{"href":"https:\/\/www.ucse.edu.ar\/notiucse\/wp-json\/wp\/v2\/media?parent=11186"}],"wp:term":[{"taxonomy":"category","embeddable":true,"href":"https:\/\/www.ucse.edu.ar\/notiucse\/wp-json\/wp\/v2\/categories?post=11186"},{"taxonomy":"post_tag","embeddable":true,"href":"https:\/\/www.ucse.edu.ar\/notiucse\/wp-json\/wp\/v2\/tags?post=11186"}],"curies":[{"name":"wp","href":"https:\/\/api.w.org\/{rel}","templated":true}]}}