{"id":11248,"date":"2024-10-24T19:27:40","date_gmt":"2024-10-24T22:27:40","guid":{"rendered":"http:\/\/www.ucse.edu.ar\/notiucse\/?p=11248"},"modified":"2024-10-25T11:13:02","modified_gmt":"2024-10-25T14:13:02","slug":"fortaleciendo-lazos-academicos-y-culturales-ucse-y-la-embajada-de-francia-promueven-la-movilidad-estudiantil-internacional","status":"publish","type":"post","link":"https:\/\/www.ucse.edu.ar\/notiucse\/2024\/10\/24\/fortaleciendo-lazos-academicos-y-culturales-ucse-y-la-embajada-de-francia-promueven-la-movilidad-estudiantil-internacional\/","title":{"rendered":"Fortaleciendo Lazos Acad\u00e9micos y Culturales: UCSE y la Embajada de Francia Promueven la Movilidad Estudiantil Internacional"},"content":{"rendered":"\n<p><strong>Madame\u00a0Sylvie de Maussion<\/strong>, \u00a0agregada de <strong>Cooperaci\u00f3n Universitaria en la Embajada de Francia<\/strong> en <strong>Buenos Aires<\/strong> e integrante del<strong> Institut Fran\u00e7ais d&#8217;Argentine<\/strong>, visit\u00f3 la UCSE y fue recibida por el <strong>Rector Ing. Luis Lucena\u00a0<\/strong> quien le brind\u00f3 la bienvenida y agradeci\u00f3 la posibilidad de estrechar v\u00ednculos en el \u00e1mbito acad\u00e9mico y cultural que permitan el acceso a programas de movilidad para estudiantes y alumnos de esta Alta Casa de Estudios. Del encuentro participaron la directora de la Alianza Francesa, Jacqueline Lopez, integrantes de la comisi\u00f3n directiva\u00a0 y la <strong>Decana de la Facultad de Ciencias Pol\u00edticas, Sociales y Jur\u00eddicas , Abog. Liliana Abdala<\/strong>.<\/p>\n\n\n\n<p>&nbsp;El Institut Fran\u00e7ais d&#8217;Argentine, que forma parte de una red de 96 Instituts fran\u00e7ais en todo el mundo, trabaja bajo la autoridad del embajador de Francia en Argentina y en estrecha colaboraci\u00f3n con los servicios de la Embajada.<\/p>\n\n\n\n<p>Su misi\u00f3n principal es <strong>promover la cultura francesa en un proceso de di\u00e1logo y cooperaci\u00f3n con socios locales,<\/strong> como lo es la provincia de Santiago del Estero, adem\u00e1s de desempe\u00f1arse como un instrumento de cooperaci\u00f3n, influencia y asesoramiento en los \u00e1mbitos universitario, cient\u00edfico y cultural. Un punto destacado en esta colaboraci\u00f3n es la inclusi\u00f3n de la Universidad Cat\u00f3lica de Santiago del Estero (UCSE) en un acuerdo promete abrir puertas a oportunidades internacionales. A partir del 2025, la Alianza Francesa de Santiago del Estero ser\u00e1 un &#8220;Punto de Informaci\u00f3n Campus France&#8221;, actuando como nexo entre estudiantes y profesionales interesados en realizar estudios superiores en Francia a trav\u00e9s de programas de becas. Este avance muestra el papel central que la UCSE desempe\u00f1ar\u00e1 en la conexi\u00f3n entre Argentina y Francia, facilitando el acceso a experiencias acad\u00e9micas internacionales para sus estudiantes y promoviendo el desarrollo de las relaciones franco-argentinas.<\/p>\n","protected":false},"excerpt":{"rendered":"<p>Una alianza estrat\u00e9gica que permitir\u00e1 a estudiantes y docentes acceso a la cultura francesa<\/p>\n","protected":false},"author":2,"featured_media":11251,"comment_status":"closed","ping_status":"closed","sticky":false,"template":"","format":"standard","meta":{"_exactmetrics_skip_tracking":false,"_exactmetrics_sitenote_active":false,"_exactmetrics_sitenote_note":"","_exactmetrics_sitenote_category":0,"footnotes":""},"categories":[5,73],"tags":[39],"_links":{"self":[{"href":"https:\/\/www.ucse.edu.ar\/notiucse\/wp-json\/wp\/v2\/posts\/11248"}],"collection":[{"href":"https:\/\/www.ucse.edu.ar\/notiucse\/wp-json\/wp\/v2\/posts"}],"about":[{"href":"https:\/\/www.ucse.edu.ar\/notiucse\/wp-json\/wp\/v2\/types\/post"}],"author":[{"embeddable":true,"href":"https:\/\/www.ucse.edu.ar\/notiucse\/wp-json\/wp\/v2\/users\/2"}],"replies":[{"embeddable":true,"href":"https:\/\/www.ucse.edu.ar\/notiucse\/wp-json\/wp\/v2\/comments?post=11248"}],"version-history":[{"count":1,"href":"https:\/\/www.ucse.edu.ar\/notiucse\/wp-json\/wp\/v2\/posts\/11248\/revisions"}],"predecessor-version":[{"id":11249,"href":"https:\/\/www.ucse.edu.ar\/notiucse\/wp-json\/wp\/v2\/posts\/11248\/revisions\/11249"}],"wp:featuredmedia":[{"embeddable":true,"href":"https:\/\/www.ucse.edu.ar\/notiucse\/wp-json\/wp\/v2\/media\/11251"}],"wp:attachment":[{"href":"https:\/\/www.ucse.edu.ar\/notiucse\/wp-json\/wp\/v2\/media?parent=11248"}],"wp:term":[{"taxonomy":"category","embeddable":true,"href":"https:\/\/www.ucse.edu.ar\/notiucse\/wp-json\/wp\/v2\/categories?post=11248"},{"taxonomy":"post_tag","embeddable":true,"href":"https:\/\/www.ucse.edu.ar\/notiucse\/wp-json\/wp\/v2\/tags?post=11248"}],"curies":[{"name":"wp","href":"https:\/\/api.w.org\/{rel}","templated":true}]}}