{"id":11256,"date":"2025-04-26T14:20:20","date_gmt":"2025-04-26T17:20:20","guid":{"rendered":"https:\/\/www.ucse.edu.ar\/notiucse\/?p=11256"},"modified":"2025-04-26T14:26:11","modified_gmt":"2025-04-26T17:26:11","slug":"la-ucse-celebro-su-70a-colacion-de-grados-con-una-ceremonia-en-el-campus-universitario","status":"publish","type":"post","link":"https:\/\/www.ucse.edu.ar\/notiucse\/2025\/04\/26\/la-ucse-celebro-su-70a-colacion-de-grados-con-una-ceremonia-en-el-campus-universitario\/","title":{"rendered":"La UCSE celebr\u00f3 su 70.\u00aa ceremonia de colaci\u00f3n de grados en el Campus Universitario"},"content":{"rendered":"\n<p>Con una emotiva ceremonia realizada el <strong>viernes 25 de abril<\/strong> en los jardines del Campus Universitario, la Universidad Cat\u00f3lica de Santiago del Estero llev\u00f3 a cabo su <strong>septuag\u00e9sima colaci\u00f3n de grados,<\/strong> en la que reconoci\u00f3 a los nuevos profesionales que culminaron sus estudios entre el 21 de septiembre y el 31 de marzo.<\/p>\n\n\n\n<p>El acto fue presidido por el rector de la UCSE, <strong>Ing. Luis Eugenio Lucena<\/strong>, y cont\u00f3 con la presencia de autoridades de las distintas facultades: Ciencias Pol\u00edticas, Sociales y Jur\u00eddicas; Ciencias Econ\u00f3micas; Ciencias de la Salud; y Ciencias para la Innovaci\u00f3n y el Desarrollo. Familiares, amigos y miembros de la comunidad universitaria acompa\u00f1aron a los egresados en esta jornada.<\/p>\n\n\n\n<p>Durante la ceremonia, se entregaron distinciones especiales a los mejores promedios por carrera, otorgando las <strong>Menciones de Honor, Cum Laude, Magna Cum Laude y Summa Cum Laude<\/strong> a quienes alcanzaron los m\u00e1s altos desempe\u00f1os acad\u00e9micos.<\/p>\n\n\n\n<p>La mejor promedio de la noche fue <strong>Delfina Posse, egresada de la Licenciatura en Relaciones Internacionales<\/strong>, quien tuvo a su cargo el discurso en representaci\u00f3n de sus compa\u00f1eros. En sus palabras, no solo agradeci\u00f3 a la universidad y a las familias por el acompa\u00f1amiento, sino que tambi\u00e9n hizo una sentida referencia al reciente fallecimiento del Papa Francisco, marcando un momento de profunda emoci\u00f3n en el acto.<\/p>\n\n\n\n<p>La ceremonia cont\u00f3 adem\u00e1s con la participaci\u00f3n especial de la <strong>soprano Fabiana G\u00fcnter y del director del Coro UCSE, profesor Mariano Valladares<\/strong>, quienes interpretaron piezas musicales en homenaje a los egresados.<\/p>\n","protected":false},"excerpt":{"rendered":"<p>En una conmovedora jornada, la universidad reuni\u00f3 en sus jardines a los nuevos profesionales, autoridades, familiares y amigos<\/p>\n","protected":false},"author":2,"featured_media":11634,"comment_status":"closed","ping_status":"closed","sticky":false,"template":"","format":"standard","meta":{"_exactmetrics_skip_tracking":false,"_exactmetrics_sitenote_active":false,"_exactmetrics_sitenote_note":"","_exactmetrics_sitenote_category":0,"footnotes":""},"categories":[73,72],"tags":[137,39],"_links":{"self":[{"href":"https:\/\/www.ucse.edu.ar\/notiucse\/wp-json\/wp\/v2\/posts\/11256"}],"collection":[{"href":"https:\/\/www.ucse.edu.ar\/notiucse\/wp-json\/wp\/v2\/posts"}],"about":[{"href":"https:\/\/www.ucse.edu.ar\/notiucse\/wp-json\/wp\/v2\/types\/post"}],"author":[{"embeddable":true,"href":"https:\/\/www.ucse.edu.ar\/notiucse\/wp-json\/wp\/v2\/users\/2"}],"replies":[{"embeddable":true,"href":"https:\/\/www.ucse.edu.ar\/notiucse\/wp-json\/wp\/v2\/comments?post=11256"}],"version-history":[{"count":7,"href":"https:\/\/www.ucse.edu.ar\/notiucse\/wp-json\/wp\/v2\/posts\/11256\/revisions"}],"predecessor-version":[{"id":11637,"href":"https:\/\/www.ucse.edu.ar\/notiucse\/wp-json\/wp\/v2\/posts\/11256\/revisions\/11637"}],"wp:featuredmedia":[{"embeddable":true,"href":"https:\/\/www.ucse.edu.ar\/notiucse\/wp-json\/wp\/v2\/media\/11634"}],"wp:attachment":[{"href":"https:\/\/www.ucse.edu.ar\/notiucse\/wp-json\/wp\/v2\/media?parent=11256"}],"wp:term":[{"taxonomy":"category","embeddable":true,"href":"https:\/\/www.ucse.edu.ar\/notiucse\/wp-json\/wp\/v2\/categories?post=11256"},{"taxonomy":"post_tag","embeddable":true,"href":"https:\/\/www.ucse.edu.ar\/notiucse\/wp-json\/wp\/v2\/tags?post=11256"}],"curies":[{"name":"wp","href":"https:\/\/api.w.org\/{rel}","templated":true}]}}