{"id":1136,"date":"2015-05-22T14:09:26","date_gmt":"2015-05-22T14:09:26","guid":{"rendered":"http:\/\/www.ucse.edu.ar\/notiucse\/?p=1136"},"modified":"2015-05-22T14:12:32","modified_gmt":"2015-05-22T14:12:32","slug":"proyecto-de-la-facultad-de-matematica-aplicada-de-la-ucse-ganador-en-el-festival-de-desarrollo-tecnologico-tecno-tour-2015-santiago-del-estero","status":"publish","type":"post","link":"https:\/\/www.ucse.edu.ar\/notiucse\/2015\/05\/22\/proyecto-de-la-facultad-de-matematica-aplicada-de-la-ucse-ganador-en-el-festival-de-desarrollo-tecnologico-tecno-tour-2015-santiago-del-estero\/","title":{"rendered":"Proyecto de la Facultad de Matem\u00e1tica Aplicada de la UCSE &#8211; Ganador en el Festival de Desarrollo Tecnol\u00f3gico  TECNO TOUR 2015 &#8211; Santiago del Estero"},"content":{"rendered":"<p>La Facultad de Matematica Aplicada de la UCSE adhiri\u00f3 al Festival de Desarrollo Tecnol\u00f3gico organizado por la Fundaci\u00f3n Desarrollo Argentino (DAR) y Microsoft, que se realiza en de todo el pa\u00eds durante el mes de mayo.<\/p>\n<p>La finalidad del evento consiste en generar un espacio de an\u00e1lisis y creaci\u00f3n de herramientas inform\u00e1ticas que aporten ideas para sectores que se consideran claves para el desarrollo de la provincia y la regi\u00f3n, revalorizando el contexto regional y federal.<\/p>\n<p><a href=\"http:\/\/www.ucse.edu.ar\/notiucse\/wp-content\/uploads\/2015\/05\/1.jpg\"><img fetchpriority=\"high\" decoding=\"async\" class=\"aligncenter size-full wp-image-1137\" src=\"http:\/\/www.ucse.edu.ar\/notiucse\/wp-content\/uploads\/2015\/05\/1.jpg\" alt=\"1\" width=\"1299\" height=\"520\" srcset=\"https:\/\/www.ucse.edu.ar\/notiucse\/wp-content\/uploads\/2015\/05\/1.jpg 1299w, https:\/\/www.ucse.edu.ar\/notiucse\/wp-content\/uploads\/2015\/05\/1-300x120.jpg 300w, https:\/\/www.ucse.edu.ar\/notiucse\/wp-content\/uploads\/2015\/05\/1-1024x410.jpg 1024w\" sizes=\"(max-width: 1299px) 100vw, 1299px\" \/><\/a><\/p>\n<p>La actividad principal del evento consisti\u00f3 en la presentaci\u00f3n de aplicaciones desarrolladas por los participantes que abordaran temas que aporten soluciones a sectores fundamentales para el desarrollo provincial y regional vinculado Desarrollo Social y Humano; Desarrollo Econ\u00f3mico y Productivo; Desarrollo Institucional y Democracia; Desarrollo Sostenible; Desarrollo Regional y Mundial; Desarrollo Metropolitano y Desarrollo Territorial e Infraestructura.<\/p>\n<p>&nbsp;<\/p>\n<p>Se presentaron m\u00e1s de mil proyectos en 20 provincias de la Argentina. De los 40 trabajos presentados en Santiago del Estero, entre los tres finalistas seleccionados, el jurado conformado por representantes de DAR, MICROSOFT, UCSE y UNSE, eligi\u00f3 al proyecto ganador desarrollado en el CIDESOFT de la FACULTAD DE MATEMATICA APLICADA de la Universidad Cat\u00f3lica de Santiago del Estero elaborado por el Ing. Gonzalo Hernandez y el Ing Santiago Hansen (Laboratorio de Electr\u00f3nica).<\/p>\n<p>El proyecto denominado \u00a0<strong>Proyecto Rob\u00f3tica UCSE (Universidad Cat\u00f3lica de Sgo del Estero) con tecnolog\u00eda Microsoft: Sistema de control y teleoperaci\u00f3n de Mindstorm NXT usando Visual Studio, Robotics Studio y .NET Compact Framework para dispositivos m\u00f3viles con fines did\u00e1cticos.<\/strong> Se trata de una investigaci\u00f3n interdisciplinaria sobre tecnolog\u00edas relacionadas a la rob\u00f3tica, desde la perspectiva del hardware y del software, estudiando tanto las nuevas plataformas de desarrollo de software como el hardware disponible para aplicarlos en el dise\u00f1o y desarrollo de prototipos de robots con distintas funcionalidades que se le incorporar\u00edan paulatinamente. Logr\u00e1ndose desarrollar un prototipo de robot con fines educativos que permite experimentar, aprender y ense\u00f1ar, a la vez de buscar como resultado final desarrollar e implementar un Sistema de Gu\u00eda de Veh\u00edculos Terrestres Aut\u00f3nomos basado en Visi\u00f3n y Comunicaci\u00f3n Inal\u00e1mbrica.<\/p>\n<p><a href=\"http:\/\/www.ucse.edu.ar\/notiucse\/wp-content\/uploads\/2015\/05\/2.jpg\"><img decoding=\"async\" class=\"aligncenter size-full wp-image-1138\" src=\"http:\/\/www.ucse.edu.ar\/notiucse\/wp-content\/uploads\/2015\/05\/2.jpg\" alt=\"2\" width=\"1052\" height=\"1402\" srcset=\"https:\/\/www.ucse.edu.ar\/notiucse\/wp-content\/uploads\/2015\/05\/2.jpg 1052w, https:\/\/www.ucse.edu.ar\/notiucse\/wp-content\/uploads\/2015\/05\/2-225x300.jpg 225w, https:\/\/www.ucse.edu.ar\/notiucse\/wp-content\/uploads\/2015\/05\/2-768x1024.jpg 768w\" sizes=\"(max-width: 1052px) 100vw, 1052px\" \/><\/a> <a href=\"http:\/\/www.ucse.edu.ar\/notiucse\/wp-content\/uploads\/2015\/05\/3.jpg\"><img decoding=\"async\" class=\"aligncenter size-full wp-image-1139\" src=\"http:\/\/www.ucse.edu.ar\/notiucse\/wp-content\/uploads\/2015\/05\/3.jpg\" alt=\"3\" width=\"612\" height=\"816\" srcset=\"https:\/\/www.ucse.edu.ar\/notiucse\/wp-content\/uploads\/2015\/05\/3.jpg 612w, https:\/\/www.ucse.edu.ar\/notiucse\/wp-content\/uploads\/2015\/05\/3-225x300.jpg 225w\" sizes=\"(max-width: 612px) 100vw, 612px\" \/><\/a><\/p>\n<blockquote><p><strong>El Ing Gonzalo Hernandez presentar\u00e1 el desarrollo tecnol\u00f3gico en la ciudad Aut\u00f3noma de Buenos Aires el 29 de mayo, en modalidad Hackathon donde se elegir\u00e1 el proyecto ganador. <\/strong><\/p><\/blockquote>\n<p><strong>\u00a0<a href=\"http:\/\/www.ucse.edu.ar\/notiucse\/wp-content\/uploads\/2015\/05\/4.png\"><img loading=\"lazy\" decoding=\"async\" class=\"aligncenter size-full wp-image-1140\" src=\"http:\/\/www.ucse.edu.ar\/notiucse\/wp-content\/uploads\/2015\/05\/4.png\" alt=\"4\" width=\"580\" height=\"301\" srcset=\"https:\/\/www.ucse.edu.ar\/notiucse\/wp-content\/uploads\/2015\/05\/4.png 580w, https:\/\/www.ucse.edu.ar\/notiucse\/wp-content\/uploads\/2015\/05\/4-300x156.png 300w\" sizes=\"(max-width: 580px) 100vw, 580px\" \/><\/a> <a href=\"http:\/\/www.ucse.edu.ar\/notiucse\/wp-content\/uploads\/2015\/05\/5.jpg\"><img loading=\"lazy\" decoding=\"async\" class=\"aligncenter size-full wp-image-1141\" src=\"http:\/\/www.ucse.edu.ar\/notiucse\/wp-content\/uploads\/2015\/05\/5.jpg\" alt=\"5\" width=\"528\" height=\"960\" srcset=\"https:\/\/www.ucse.edu.ar\/notiucse\/wp-content\/uploads\/2015\/05\/5.jpg 528w, https:\/\/www.ucse.edu.ar\/notiucse\/wp-content\/uploads\/2015\/05\/5-165x300.jpg 165w\" sizes=\"(max-width: 528px) 100vw, 528px\" \/><\/a> <a href=\"http:\/\/www.ucse.edu.ar\/notiucse\/wp-content\/uploads\/2015\/05\/7.jpg\"><img loading=\"lazy\" decoding=\"async\" class=\"aligncenter size-full wp-image-1142\" src=\"http:\/\/www.ucse.edu.ar\/notiucse\/wp-content\/uploads\/2015\/05\/7.jpg\" alt=\"7\" width=\"640\" height=\"480\" srcset=\"https:\/\/www.ucse.edu.ar\/notiucse\/wp-content\/uploads\/2015\/05\/7.jpg 640w, https:\/\/www.ucse.edu.ar\/notiucse\/wp-content\/uploads\/2015\/05\/7-300x225.jpg 300w\" sizes=\"(max-width: 640px) 100vw, 640px\" \/><\/a><\/strong><a href=\"http:\/\/www.ucse.edu.ar\/notiucse\/wp-content\/uploads\/2015\/05\/6.jpg\"><img loading=\"lazy\" decoding=\"async\" class=\"aligncenter size-full wp-image-1143\" src=\"http:\/\/www.ucse.edu.ar\/notiucse\/wp-content\/uploads\/2015\/05\/6.jpg\" alt=\"6\" width=\"960\" height=\"719\" srcset=\"https:\/\/www.ucse.edu.ar\/notiucse\/wp-content\/uploads\/2015\/05\/6.jpg 960w, https:\/\/www.ucse.edu.ar\/notiucse\/wp-content\/uploads\/2015\/05\/6-300x225.jpg 300w\" sizes=\"(max-width: 960px) 100vw, 960px\" \/><\/a><\/p>\n<p>El Ing Gonzalo Hern\u00e1ndez (graduado UCSE) participar\u00e1 de la final en la Ciudad de Buenos Aires y el ganador viajar\u00e1 a las oficinas centrales de Microsoft en Estados Unidos.<\/p>\n<p>Adem\u00e1s se firm\u00f3 un Acta Acuerdo Marco de Cooperaci\u00f3n y Asistencia Rec\u00edproca entre la Universidad Cat\u00f3lica de Santiago del Estero, Universidad Nacional de Santiago del Estero y la Fundaci\u00f3n DAR, quienes declaran su voluntad de trabajar en conjunto en las distintas \u00e1reas de la educaci\u00f3n dentro de los \u00e1mbitos local, regional y nacional con el fin de lograr la ejecuci\u00f3n mancomunada de propuestas y acciones que contribuyan al cumplimiento de sus objetivos institucionales y de favorecer el desarrollo de las comunidades, ello a trav\u00e9s de trabajos de dise\u00f1o, coordinaci\u00f3n e implementaci\u00f3n de proyectos y programas de investigaci\u00f3n cient\u00edfica y tecnol\u00f3gica concreta y puntualizada y de su difusi\u00f3n.<\/p>\n<p>&nbsp;<\/p>\n","protected":false},"excerpt":{"rendered":"<p>La Facultad de Matematica Aplicada de la UCSE adhiri\u00f3 al Festival de Desarrollo Tecnol\u00f3gico organizado por la Fundaci\u00f3n Desarrollo Argentino (DAR) y Microsoft, que se realiza en de todo el pa\u00eds durante el mes de mayo. La finalidad del evento consiste en generar un espacio de an\u00e1lisis y creaci\u00f3n de herramientas inform\u00e1ticas que aporten ideas [&hellip;]<\/p>\n","protected":false},"author":1,"featured_media":1143,"comment_status":"closed","ping_status":"closed","sticky":false,"template":"","format":"standard","meta":{"_exactmetrics_skip_tracking":false,"_exactmetrics_sitenote_active":false,"_exactmetrics_sitenote_note":"","_exactmetrics_sitenote_category":0,"footnotes":""},"categories":[10],"tags":[52,56,55,31,39,68],"_links":{"self":[{"href":"https:\/\/www.ucse.edu.ar\/notiucse\/wp-json\/wp\/v2\/posts\/1136"}],"collection":[{"href":"https:\/\/www.ucse.edu.ar\/notiucse\/wp-json\/wp\/v2\/posts"}],"about":[{"href":"https:\/\/www.ucse.edu.ar\/notiucse\/wp-json\/wp\/v2\/types\/post"}],"author":[{"embeddable":true,"href":"https:\/\/www.ucse.edu.ar\/notiucse\/wp-json\/wp\/v2\/users\/1"}],"replies":[{"embeddable":true,"href":"https:\/\/www.ucse.edu.ar\/notiucse\/wp-json\/wp\/v2\/comments?post=1136"}],"version-history":[{"count":2,"href":"https:\/\/www.ucse.edu.ar\/notiucse\/wp-json\/wp\/v2\/posts\/1136\/revisions"}],"predecessor-version":[{"id":1145,"href":"https:\/\/www.ucse.edu.ar\/notiucse\/wp-json\/wp\/v2\/posts\/1136\/revisions\/1145"}],"wp:featuredmedia":[{"embeddable":true,"href":"https:\/\/www.ucse.edu.ar\/notiucse\/wp-json\/wp\/v2\/media\/1143"}],"wp:attachment":[{"href":"https:\/\/www.ucse.edu.ar\/notiucse\/wp-json\/wp\/v2\/media?parent=1136"}],"wp:term":[{"taxonomy":"category","embeddable":true,"href":"https:\/\/www.ucse.edu.ar\/notiucse\/wp-json\/wp\/v2\/categories?post=1136"},{"taxonomy":"post_tag","embeddable":true,"href":"https:\/\/www.ucse.edu.ar\/notiucse\/wp-json\/wp\/v2\/tags?post=1136"}],"curies":[{"name":"wp","href":"https:\/\/api.w.org\/{rel}","templated":true}]}}