{"id":11456,"date":"2025-02-27T14:55:35","date_gmt":"2025-02-27T17:55:35","guid":{"rendered":"https:\/\/www.ucse.edu.ar\/notiucse\/?p=11456"},"modified":"2025-02-27T14:56:29","modified_gmt":"2025-02-27T17:56:29","slug":"la-ucse-prepara-una-nueva-edicion-de-su-feria-artesanal-y-de-productos-de-huerta","status":"publish","type":"post","link":"https:\/\/www.ucse.edu.ar\/notiucse\/2025\/02\/27\/la-ucse-prepara-una-nueva-edicion-de-su-feria-artesanal-y-de-productos-de-huerta\/","title":{"rendered":"La UCSE prepara una nueva edici\u00f3n de su Feria Artesanal y de Productos de Huerta"},"content":{"rendered":"\n<p>El pasado martes 26 de febrero, emprendedores y productores locales se reunieron para ultimar detalles de la pr\u00f3xima edici\u00f3n de la <strong>Feria Artesanal y de Productos de Huerta UCSE 2025.<\/strong> Durante el encuentro, se abordaron aspectos clave como la apertura de inscripciones, el cronograma de capacitaciones anuales y la modalidad virtual del espacio, con el objetivo de potenciar la participaci\u00f3n y el alcance de la iniciativa. <\/p>\n\n\n\n<p>El proyecto, impulsado por la <strong>Prosecretar\u00eda de Extensi\u00f3n de la Facultad de Ciencias de la Salud<\/strong>, se forma principalmente como un espacio de intercambio y promoci\u00f3n para emprendedores santiague\u00f1os, brindando herramientas y visibilidad a sus producciones. <\/p>\n\n\n\n<p>La reuni\u00f3n estuvo dirigida por los coordinadores del proyecto, la <strong>Lic. Alejandra C\u00e1ceres y el Lic. Maximiliano Olivera<\/strong>, y cont\u00f3 con la presencia de la decana de la Facultad de Ciencias de la Salud, <strong>Lic. Mar\u00eda Rosa Barbar\u00e1n, y el vicedecano, Lic. Mario Diosquez<\/strong>. Ambas autoridades subrayaron la importancia de la feria como una plataforma que fortalece el v\u00ednculo entre la comunidad educativa y el ecosistema emprendedor local. <\/p>\n","protected":false},"excerpt":{"rendered":"<p>La feria, impulsada por la Facultad de Ciencias de la Salud, busca fortalecer el trabajo de emprendedores santiague\u00f1os y generar un espacio de encuentro con la comunidad.<\/p>\n","protected":false},"author":2,"featured_media":11457,"comment_status":"closed","ping_status":"closed","sticky":false,"template":"","format":"standard","meta":{"_exactmetrics_skip_tracking":false,"_exactmetrics_sitenote_active":false,"_exactmetrics_sitenote_note":"","_exactmetrics_sitenote_category":0,"footnotes":""},"categories":[9,72],"tags":[111,113],"_links":{"self":[{"href":"https:\/\/www.ucse.edu.ar\/notiucse\/wp-json\/wp\/v2\/posts\/11456"}],"collection":[{"href":"https:\/\/www.ucse.edu.ar\/notiucse\/wp-json\/wp\/v2\/posts"}],"about":[{"href":"https:\/\/www.ucse.edu.ar\/notiucse\/wp-json\/wp\/v2\/types\/post"}],"author":[{"embeddable":true,"href":"https:\/\/www.ucse.edu.ar\/notiucse\/wp-json\/wp\/v2\/users\/2"}],"replies":[{"embeddable":true,"href":"https:\/\/www.ucse.edu.ar\/notiucse\/wp-json\/wp\/v2\/comments?post=11456"}],"version-history":[{"count":4,"href":"https:\/\/www.ucse.edu.ar\/notiucse\/wp-json\/wp\/v2\/posts\/11456\/revisions"}],"predecessor-version":[{"id":11461,"href":"https:\/\/www.ucse.edu.ar\/notiucse\/wp-json\/wp\/v2\/posts\/11456\/revisions\/11461"}],"wp:featuredmedia":[{"embeddable":true,"href":"https:\/\/www.ucse.edu.ar\/notiucse\/wp-json\/wp\/v2\/media\/11457"}],"wp:attachment":[{"href":"https:\/\/www.ucse.edu.ar\/notiucse\/wp-json\/wp\/v2\/media?parent=11456"}],"wp:term":[{"taxonomy":"category","embeddable":true,"href":"https:\/\/www.ucse.edu.ar\/notiucse\/wp-json\/wp\/v2\/categories?post=11456"},{"taxonomy":"post_tag","embeddable":true,"href":"https:\/\/www.ucse.edu.ar\/notiucse\/wp-json\/wp\/v2\/tags?post=11456"}],"curies":[{"name":"wp","href":"https:\/\/api.w.org\/{rel}","templated":true}]}}