{"id":11464,"date":"2025-02-28T15:37:47","date_gmt":"2025-02-28T18:37:47","guid":{"rendered":"https:\/\/www.ucse.edu.ar\/notiucse\/?p=11464"},"modified":"2025-02-28T16:05:26","modified_gmt":"2025-02-28T19:05:26","slug":"ucse-invita-a-la-comunidad-a-participar-de-la-misa-de-miercoles-de-ceniza","status":"publish","type":"post","link":"https:\/\/www.ucse.edu.ar\/notiucse\/2025\/02\/28\/ucse-invita-a-la-comunidad-a-participar-de-la-misa-de-miercoles-de-ceniza\/","title":{"rendered":"UCSE Invita a la Comunidad a Participar de la misa de Mi\u00e9rcoles de Ceniza\u00a0"},"content":{"rendered":"\n<p>El pr\u00f3ximo mi\u00e9rcoles<strong> 5 de marzo a las 20 horas<\/strong>, la comunidad cristiana se reunir\u00e1 en la Capilla Nuestra Se\u00f1ora de la Misericordia para celebrar la tradicional Misa de Mi\u00e9rcoles de Ceniza, que ser\u00e1 oficiada por el Fray V\u00edctor Fern\u00e1ndez.<\/p>\n\n\n\n<p>Esta ceremonia revela el inicio de la Cuaresma, un tiempo de reflexi\u00f3n, penitencia y preparaci\u00f3n espiritual que conduce a la Pascua. Durante la misa, se realizar\u00e1 la imposici\u00f3n de cenizas en la frente de los fieles, un gesto simb\u00f3lico que recuerda la fragilidad de la vida y la necesidad de conversi\u00f3n.<\/p>\n\n\n\n<p>La invitaci\u00f3n est\u00e1 abierta a todos los santiague\u00f1os que deseen participar de este momento de oraci\u00f3n y recogimiento, renovando su compromiso de fe.<\/p>\n","protected":false},"excerpt":{"rendered":"<p>La ceremonia se llevar\u00e1 a cabo la pr\u00f3xima semana en la capilla del Campus UCSE <\/p>\n","protected":false},"author":2,"featured_media":11465,"comment_status":"closed","ping_status":"closed","sticky":false,"template":"","format":"standard","meta":{"_exactmetrics_skip_tracking":false,"_exactmetrics_sitenote_active":false,"_exactmetrics_sitenote_note":"","_exactmetrics_sitenote_category":0,"footnotes":""},"categories":[73,72],"tags":[140,141],"_links":{"self":[{"href":"https:\/\/www.ucse.edu.ar\/notiucse\/wp-json\/wp\/v2\/posts\/11464"}],"collection":[{"href":"https:\/\/www.ucse.edu.ar\/notiucse\/wp-json\/wp\/v2\/posts"}],"about":[{"href":"https:\/\/www.ucse.edu.ar\/notiucse\/wp-json\/wp\/v2\/types\/post"}],"author":[{"embeddable":true,"href":"https:\/\/www.ucse.edu.ar\/notiucse\/wp-json\/wp\/v2\/users\/2"}],"replies":[{"embeddable":true,"href":"https:\/\/www.ucse.edu.ar\/notiucse\/wp-json\/wp\/v2\/comments?post=11464"}],"version-history":[{"count":1,"href":"https:\/\/www.ucse.edu.ar\/notiucse\/wp-json\/wp\/v2\/posts\/11464\/revisions"}],"predecessor-version":[{"id":11466,"href":"https:\/\/www.ucse.edu.ar\/notiucse\/wp-json\/wp\/v2\/posts\/11464\/revisions\/11466"}],"wp:featuredmedia":[{"embeddable":true,"href":"https:\/\/www.ucse.edu.ar\/notiucse\/wp-json\/wp\/v2\/media\/11465"}],"wp:attachment":[{"href":"https:\/\/www.ucse.edu.ar\/notiucse\/wp-json\/wp\/v2\/media?parent=11464"}],"wp:term":[{"taxonomy":"category","embeddable":true,"href":"https:\/\/www.ucse.edu.ar\/notiucse\/wp-json\/wp\/v2\/categories?post=11464"},{"taxonomy":"post_tag","embeddable":true,"href":"https:\/\/www.ucse.edu.ar\/notiucse\/wp-json\/wp\/v2\/tags?post=11464"}],"curies":[{"name":"wp","href":"https:\/\/api.w.org\/{rel}","templated":true}]}}