{"id":11470,"date":"2025-03-14T18:33:30","date_gmt":"2025-03-14T21:33:30","guid":{"rendered":"https:\/\/www.ucse.edu.ar\/notiucse\/?p=11470"},"modified":"2025-03-14T18:38:55","modified_gmt":"2025-03-14T21:38:55","slug":"ucse-lanza-su-propuesta-2025-de-carreras-a-distancia","status":"publish","type":"post","link":"https:\/\/www.ucse.edu.ar\/notiucse\/2025\/03\/14\/ucse-lanza-su-propuesta-2025-de-carreras-a-distancia\/","title":{"rendered":"UCSE lanza su Propuesta 2025 de Carreras a Distancia"},"content":{"rendered":"\n<p>La Universidad Cat\u00f3lica de Santiago del Estero (UCSE) anuncia el inicio de su <strong>oferta acad\u00e9mica a distancia <\/strong>para el ciclo 2025, brindando una oportunidad de formaci\u00f3n superior con flexibilidad para el aspirante y calidad educativa.<\/p>\n\n\n\n<p>Las carreras disponibles incluyen<strong> ciclos de complementaci\u00f3n curricular y licenciaturas en diversas disciplinas<\/strong>. El Profesorado Universitario dar\u00e1 inicio el 13 de marzo, seguido de la Licenciatura en Educaci\u00f3n Especial que empezar\u00e1 el 17 de marzo, mientras que la Licenciatura en Tecnolog\u00edas Digitales para Educaci\u00f3n comenzar\u00e1 el 11 de marzo. La Licenciatura en Higiene y Seguridad en el Trabajo iniciar\u00e1 el 1 de marzo, seguida por la Licenciatura en Pedagog\u00eda de la Matem\u00e1tica el 4 de marzo. Por su parte, la Licenciatura en Matem\u00e1tica Aplicada comenzar\u00e1 el 5 de abril y la Licenciatura en Turismo el 5 de marzo.<\/p>\n\n\n\n<p>Estas propuestas acad\u00e9micas est\u00e1n dise\u00f1adas para quienes buscan profesionalizarse en sus \u00e1reas de inter\u00e9s sin restricciones geogr\u00e1ficas, accediendo a diversas herramientas y recursos educativos. Para m\u00e1s informaci\u00f3n sobre inscripciones y requisitos, los interesados pueden contactar al Sistema de Educaci\u00f3n Multimodal (SEM) a trav\u00e9s del correo electr\u00f3nico <strong>semcomunicaci\u00f3n@ucse.edu.ar<\/strong> o v\u00eda whatsapp al <strong>(0385) <\/strong>385-5-858101<\/p>\n\n\n\n<p><\/p>\n","protected":false},"excerpt":{"rendered":"<p>El ciclo lectivo dar\u00e1 inicio en marzo. Conoc\u00e9 todos los detalles en la nota. <\/p>\n","protected":false},"author":2,"featured_media":11471,"comment_status":"closed","ping_status":"closed","sticky":false,"template":"","format":"standard","meta":{"_exactmetrics_skip_tracking":false,"_exactmetrics_sitenote_active":false,"_exactmetrics_sitenote_note":"","_exactmetrics_sitenote_category":0,"footnotes":""},"categories":[73],"tags":[52],"_links":{"self":[{"href":"https:\/\/www.ucse.edu.ar\/notiucse\/wp-json\/wp\/v2\/posts\/11470"}],"collection":[{"href":"https:\/\/www.ucse.edu.ar\/notiucse\/wp-json\/wp\/v2\/posts"}],"about":[{"href":"https:\/\/www.ucse.edu.ar\/notiucse\/wp-json\/wp\/v2\/types\/post"}],"author":[{"embeddable":true,"href":"https:\/\/www.ucse.edu.ar\/notiucse\/wp-json\/wp\/v2\/users\/2"}],"replies":[{"embeddable":true,"href":"https:\/\/www.ucse.edu.ar\/notiucse\/wp-json\/wp\/v2\/comments?post=11470"}],"version-history":[{"count":4,"href":"https:\/\/www.ucse.edu.ar\/notiucse\/wp-json\/wp\/v2\/posts\/11470\/revisions"}],"predecessor-version":[{"id":11527,"href":"https:\/\/www.ucse.edu.ar\/notiucse\/wp-json\/wp\/v2\/posts\/11470\/revisions\/11527"}],"wp:featuredmedia":[{"embeddable":true,"href":"https:\/\/www.ucse.edu.ar\/notiucse\/wp-json\/wp\/v2\/media\/11471"}],"wp:attachment":[{"href":"https:\/\/www.ucse.edu.ar\/notiucse\/wp-json\/wp\/v2\/media?parent=11470"}],"wp:term":[{"taxonomy":"category","embeddable":true,"href":"https:\/\/www.ucse.edu.ar\/notiucse\/wp-json\/wp\/v2\/categories?post=11470"},{"taxonomy":"post_tag","embeddable":true,"href":"https:\/\/www.ucse.edu.ar\/notiucse\/wp-json\/wp\/v2\/tags?post=11470"}],"curies":[{"name":"wp","href":"https:\/\/api.w.org\/{rel}","templated":true}]}}