{"id":11488,"date":"2025-03-06T16:45:30","date_gmt":"2025-03-06T19:45:30","guid":{"rendered":"http:\/\/www.ucse.edu.ar\/notiucse\/?p=11488"},"modified":"2025-03-06T16:46:00","modified_gmt":"2025-03-06T19:46:00","slug":"se-realizo-la-primera-reunion-2025-del-sistema-integrado-de-ciencia-innovacion-y-tecnologia-de-santiago-del-estero","status":"publish","type":"post","link":"https:\/\/www.ucse.edu.ar\/notiucse\/2025\/03\/06\/se-realizo-la-primera-reunion-2025-del-sistema-integrado-de-ciencia-innovacion-y-tecnologia-de-santiago-del-estero\/","title":{"rendered":"Se Realiz\u00f3 la Primera Reuni\u00f3n 2025 del Sistema Integrado de Ciencia, Innovaci\u00f3n y Tecnolog\u00eda de Santiago del Estero"},"content":{"rendered":"\n<p>En el marco del Convenio de Cooperaci\u00f3n entre el Gobierno de la Provincia, UNSE, UCSE, INTA e INTI, se llev\u00f3 a cabo en marzo de 2025, en el Nodo Tecnol\u00f3gico, la primera reuni\u00f3n del Comit\u00e9 Ejecutivo y Operativo del Sistema Integrado de Ciencia, Innovaci\u00f3n y Tecnolog\u00eda (SICIYT).<\/p>\n\n\n\n<p>La misma se dividi\u00f3 en dos comit\u00e9s, el ejecutivo: el secretario de Ciencia y Tecnolog\u00eda, Ing. Adri\u00e1n Su\u00e1rez; el rector de la UNSE, Ing. H\u00e9ctor Paz; la vicerrectora de la UNSE, Prof. Marcela Ju\u00e1rez; el rector de la UCSE, Ing. Luis Lucena; el director del INTA EEA SDE, Ing. Mario Mondino; el director del INTA EEA Quimil\u00ed, Ing. Gustavo Gerlero. El comit\u00e9 operativo conformado por: Ing. Edmundo Vizgarra Gomez, SCYT; Lic. Maria Gimena Serrano, SCYT; Dra. Susana Isabel Herrera, UNSE; Ing. Jose Luis Gulotta, UNSE; Ing. Maria Mercedes Clusella, UCSE; Mg. Analia Valentini Cristina,\u00a0 UCSE; Ing. Dino Gomez, INTA; Ing. Guillermo Merletti, INTA; Ing. Juan Carlos, Fioretti,\u00a0 INTI; Ing. Marcos David Bravo, INTI y la coordinadora de vinculaci\u00f3n Asael Cardozo.<\/p>\n\n\n\n<p>El comit\u00e9 ejecutivo celebr\u00f3 la concreci\u00f3n de las diferentes actividades del 2024, resaltando el D\u00eda del Investigador Cient\u00edfico y el Rally de Innovaci\u00f3n Santiago te Desaf\u00eda. Por otro lado se debati\u00f3 sobre la situaci\u00f3n institucional de cada uno de los miembros, sus proyecciones en el 2025, planes operativos internos y la posibilidad de articular actividades novedosas, para llevar adelante proyectos en com\u00fan.&nbsp;<\/p>\n\n\n\n<p>En simult\u00e1neo sesion\u00f3 el comit\u00e9 de gesti\u00f3n operativa, para establecer la agenda de actividades del ciclo 2025, entre ellas, la semana de la ciencia, el d\u00eda de la vinculaci\u00f3n tecnol\u00f3gica, el rally de innovaci\u00f3n, efem\u00e9rides internacionales, futuros congresos acad\u00e9micos, entre otros. Se present\u00f3 adem\u00e1s, el trabajo que viene realizando el Nodo Territorial de Santiago del Estero (Ing. Marcela Rafael y el Ing. Lucas Mansilla), en la tem\u00e1tica inteligencia artificial, poniendo a disposici\u00f3n los resultados y dando a conocer el equipo.<\/p>\n\n\n\n<p>Los ejes de constante referencia para el sistema integrado fueron: sistema agroalimentario y agroindustrial, ambiente y recursos naturales, econom\u00eda del conocimiento, turismo y desarrollo de econom\u00edas locales, transici\u00f3n energ\u00e9tica.<\/p>\n\n\n\n<p>Al finalizar, ambos comit\u00e9s tuvieron una reuni\u00f3n plenaria, con el fin de realizar un intercambio consecuente a los objetivos de cada una de las instituciones que conforman el SICIyT, teniendo como eje las actividades comunes.<\/p>\n","protected":false},"excerpt":{"rendered":"<p>En la reuni\u00f3n las autoridades revisaron los avances realizados durante 2024 y la nueva agenda 2025<\/p>\n","protected":false},"author":2,"featured_media":11489,"comment_status":"closed","ping_status":"closed","sticky":false,"template":"","format":"standard","meta":{"_exactmetrics_skip_tracking":false,"_exactmetrics_sitenote_active":false,"_exactmetrics_sitenote_note":"","_exactmetrics_sitenote_category":0,"footnotes":""},"categories":[73],"tags":[39],"_links":{"self":[{"href":"https:\/\/www.ucse.edu.ar\/notiucse\/wp-json\/wp\/v2\/posts\/11488"}],"collection":[{"href":"https:\/\/www.ucse.edu.ar\/notiucse\/wp-json\/wp\/v2\/posts"}],"about":[{"href":"https:\/\/www.ucse.edu.ar\/notiucse\/wp-json\/wp\/v2\/types\/post"}],"author":[{"embeddable":true,"href":"https:\/\/www.ucse.edu.ar\/notiucse\/wp-json\/wp\/v2\/users\/2"}],"replies":[{"embeddable":true,"href":"https:\/\/www.ucse.edu.ar\/notiucse\/wp-json\/wp\/v2\/comments?post=11488"}],"version-history":[{"count":2,"href":"https:\/\/www.ucse.edu.ar\/notiucse\/wp-json\/wp\/v2\/posts\/11488\/revisions"}],"predecessor-version":[{"id":11491,"href":"https:\/\/www.ucse.edu.ar\/notiucse\/wp-json\/wp\/v2\/posts\/11488\/revisions\/11491"}],"wp:featuredmedia":[{"embeddable":true,"href":"https:\/\/www.ucse.edu.ar\/notiucse\/wp-json\/wp\/v2\/media\/11489"}],"wp:attachment":[{"href":"https:\/\/www.ucse.edu.ar\/notiucse\/wp-json\/wp\/v2\/media?parent=11488"}],"wp:term":[{"taxonomy":"category","embeddable":true,"href":"https:\/\/www.ucse.edu.ar\/notiucse\/wp-json\/wp\/v2\/categories?post=11488"},{"taxonomy":"post_tag","embeddable":true,"href":"https:\/\/www.ucse.edu.ar\/notiucse\/wp-json\/wp\/v2\/tags?post=11488"}],"curies":[{"name":"wp","href":"https:\/\/api.w.org\/{rel}","templated":true}]}}