{"id":11493,"date":"2025-03-07T12:21:25","date_gmt":"2025-03-07T15:21:25","guid":{"rendered":"https:\/\/www.ucse.edu.ar\/notiucse\/?p=11493"},"modified":"2025-03-07T12:40:35","modified_gmt":"2025-03-07T15:40:35","slug":"participamos-de-la-presentacion-del-programa-escuelas-sustentables","status":"publish","type":"post","link":"https:\/\/www.ucse.edu.ar\/notiucse\/2025\/03\/07\/participamos-de-la-presentacion-del-programa-escuelas-sustentables\/","title":{"rendered":"El D.A.R Particip\u00f3 en la Presentaci\u00f3n del Programa Escuelas + Sustentables: educaci\u00f3n ambiental para las nuevas generaciones\u00a0"},"content":{"rendered":"\n<p>El <strong>Instituto para el Desarrollo Sustentable (IDSR)<\/strong> y la <strong>Secretar\u00eda de Educaci\u00f3n y Cultura<\/strong> de la ciudad realizaron un encuentro con m\u00e1s de 55 directivos y docentes de diversos niveles educativos, con el fin de presentar los resultados del programa <em>Escuelas + Sustentables<\/em> y las propuestas educativas para este a\u00f1o. El evento puso en relevancia la ense\u00f1anza a ni\u00f1os, ni\u00f1as y j\u00f3venes sobre el cuidado del medio ambiente a trav\u00e9s de actividades que fomenten el disfrute y el aprendizaje en torno a diversas tem\u00e1ticas ambientales.&nbsp;<\/p>\n\n\n\n<p>La jornada estuvo encabezada por <strong>Antonela Kern<\/strong>, responsable de Educaci\u00f3n Ambiental Biodiversidad y Verde Urbano del IDSR, quien detall\u00f3 los avances y objetivos del programa. Adem\u00e1s, se cont\u00f3 con las palabras de apertura del<strong> Abog. Enrique Soffietti<\/strong>, director del IDSR; la <strong>Prof. Norma Becchio<\/strong>, secretaria de Educaci\u00f3n y Cultura; y el <strong>Lic. Leonardo Viotti,<\/strong> intendente Municipal. Tambi\u00e9n estuvieron presentes el equipo de trabajo de Educaci\u00f3n Ambiental y las Promotoras Ambientales del IDSR, junto a la <strong>Lic. Yamila Gagliardo<\/strong>, secretaria de Comunicaci\u00f3n y Relaciones Institucionales de nuestra sede.<\/p>\n","protected":false},"excerpt":{"rendered":"<p>Encuentro de Educaci\u00f3n Ambiental: m\u00e1s de 55 directivos y docentes participaron de la jornada<\/p>\n","protected":false},"author":4,"featured_media":11494,"comment_status":"closed","ping_status":"closed","sticky":false,"template":"","format":"standard","meta":{"_exactmetrics_skip_tracking":false,"_exactmetrics_sitenote_active":false,"_exactmetrics_sitenote_note":"","_exactmetrics_sitenote_category":0,"footnotes":""},"categories":[20],"tags":[142,35,144,143,145],"_links":{"self":[{"href":"https:\/\/www.ucse.edu.ar\/notiucse\/wp-json\/wp\/v2\/posts\/11493"}],"collection":[{"href":"https:\/\/www.ucse.edu.ar\/notiucse\/wp-json\/wp\/v2\/posts"}],"about":[{"href":"https:\/\/www.ucse.edu.ar\/notiucse\/wp-json\/wp\/v2\/types\/post"}],"author":[{"embeddable":true,"href":"https:\/\/www.ucse.edu.ar\/notiucse\/wp-json\/wp\/v2\/users\/4"}],"replies":[{"embeddable":true,"href":"https:\/\/www.ucse.edu.ar\/notiucse\/wp-json\/wp\/v2\/comments?post=11493"}],"version-history":[{"count":3,"href":"https:\/\/www.ucse.edu.ar\/notiucse\/wp-json\/wp\/v2\/posts\/11493\/revisions"}],"predecessor-version":[{"id":11502,"href":"https:\/\/www.ucse.edu.ar\/notiucse\/wp-json\/wp\/v2\/posts\/11493\/revisions\/11502"}],"wp:featuredmedia":[{"embeddable":true,"href":"https:\/\/www.ucse.edu.ar\/notiucse\/wp-json\/wp\/v2\/media\/11494"}],"wp:attachment":[{"href":"https:\/\/www.ucse.edu.ar\/notiucse\/wp-json\/wp\/v2\/media?parent=11493"}],"wp:term":[{"taxonomy":"category","embeddable":true,"href":"https:\/\/www.ucse.edu.ar\/notiucse\/wp-json\/wp\/v2\/categories?post=11493"},{"taxonomy":"post_tag","embeddable":true,"href":"https:\/\/www.ucse.edu.ar\/notiucse\/wp-json\/wp\/v2\/tags?post=11493"}],"curies":[{"name":"wp","href":"https:\/\/api.w.org\/{rel}","templated":true}]}}