{"id":11503,"date":"2025-03-10T15:15:22","date_gmt":"2025-03-10T18:15:22","guid":{"rendered":"http:\/\/www.ucse.edu.ar\/notiucse\/?p=11503"},"modified":"2025-03-10T15:15:23","modified_gmt":"2025-03-10T18:15:23","slug":"taller-en-sede-buenos-aires-procedimiento-ante-las-comisiones-medicas-y-acceso-a-la-instancia-judicial","status":"publish","type":"post","link":"https:\/\/www.ucse.edu.ar\/notiucse\/2025\/03\/10\/taller-en-sede-buenos-aires-procedimiento-ante-las-comisiones-medicas-y-acceso-a-la-instancia-judicial\/","title":{"rendered":"Taller en Sede Buenos Aires: Procedimiento ante las comisiones m\u00e9dicas y acceso a la instancia judicial"},"content":{"rendered":"\n<p>La Universidad Cat\u00f3lica de Santiago del Estero (UCSE), a trav\u00e9s de su Sede Buenos Aires, abre la inscripci\u00f3n para el taller v\u00eda ZOOM <strong>\u201cProcedimiento ante las comisiones m\u00e9dicas y el acceso a la instancia judicial\u201d<\/strong>. <\/p>\n\n\n\n<p>El curso, que se dictar\u00e1 del <strong>8 de mayo al 5 de junio de 2025<\/strong>, abordar\u00e1 tem\u00e1ticas esenciales como el <strong>inicio de procesos ante las comisiones m\u00e9dicas, f\u00f3rmulas aplicadas en el procedimiento, aspectos procesales de la instancia de revisi\u00f3n judicial, el rol del patrocinio letrado y los honorarios profesionales, as\u00ed como la importancia de la pericia m\u00e9dica<\/strong>.<\/p>\n\n\n\n<p>El cuerpo docente est\u00e1 compuesto por reconocidos especialistas en la materia: <strong>Mariela Migliori, Eleonora Peliza, An\u00edbal Cuadrado, Osvaldo Maddaloni, Clarisa de Arce o Santiago Rossi y Diego Tula<\/strong>, quienes brindar\u00e1n herramientas te\u00f3ricas y pr\u00e1cticas para comprender el funcionamiento del sistema y los criterios que rigen su aplicaci\u00f3n.<\/p>\n\n\n\n<p>El taller se desarrollar\u00e1 <strong>los jueves de 18 a 20 horas<\/strong> en la sede San Isidro de la UCSE. Para m\u00e1s informaci\u00f3n e inscripciones, los interesados pueden escribir a <strong><a>posgrado-daba@ucse.edu.ar<\/a><\/strong>.<\/p>\n","protected":false},"excerpt":{"rendered":"<p>El taller se pens\u00f3 como un espacio de formaci\u00f3n para profesionales del derecho que buscan profundizar en el tratamiento de los procesos m\u00e9dicos-administrativos y su posterior revisi\u00f3n judicial.<\/p>\n","protected":false},"author":2,"featured_media":11125,"comment_status":"closed","ping_status":"closed","sticky":false,"template":"","format":"standard","meta":{"_exactmetrics_skip_tracking":false,"_exactmetrics_sitenote_active":false,"_exactmetrics_sitenote_note":"","_exactmetrics_sitenote_category":0,"footnotes":""},"categories":[21],"tags":[52],"_links":{"self":[{"href":"https:\/\/www.ucse.edu.ar\/notiucse\/wp-json\/wp\/v2\/posts\/11503"}],"collection":[{"href":"https:\/\/www.ucse.edu.ar\/notiucse\/wp-json\/wp\/v2\/posts"}],"about":[{"href":"https:\/\/www.ucse.edu.ar\/notiucse\/wp-json\/wp\/v2\/types\/post"}],"author":[{"embeddable":true,"href":"https:\/\/www.ucse.edu.ar\/notiucse\/wp-json\/wp\/v2\/users\/2"}],"replies":[{"embeddable":true,"href":"https:\/\/www.ucse.edu.ar\/notiucse\/wp-json\/wp\/v2\/comments?post=11503"}],"version-history":[{"count":1,"href":"https:\/\/www.ucse.edu.ar\/notiucse\/wp-json\/wp\/v2\/posts\/11503\/revisions"}],"predecessor-version":[{"id":11504,"href":"https:\/\/www.ucse.edu.ar\/notiucse\/wp-json\/wp\/v2\/posts\/11503\/revisions\/11504"}],"wp:featuredmedia":[{"embeddable":true,"href":"https:\/\/www.ucse.edu.ar\/notiucse\/wp-json\/wp\/v2\/media\/11125"}],"wp:attachment":[{"href":"https:\/\/www.ucse.edu.ar\/notiucse\/wp-json\/wp\/v2\/media?parent=11503"}],"wp:term":[{"taxonomy":"category","embeddable":true,"href":"https:\/\/www.ucse.edu.ar\/notiucse\/wp-json\/wp\/v2\/categories?post=11503"},{"taxonomy":"post_tag","embeddable":true,"href":"https:\/\/www.ucse.edu.ar\/notiucse\/wp-json\/wp\/v2\/tags?post=11503"}],"curies":[{"name":"wp","href":"https:\/\/api.w.org\/{rel}","templated":true}]}}