{"id":11564,"date":"2025-03-26T09:15:00","date_gmt":"2025-03-26T12:15:00","guid":{"rendered":"http:\/\/www.ucse.edu.ar\/notiucse\/?p=11564"},"modified":"2025-03-26T08:22:36","modified_gmt":"2025-03-26T11:22:36","slug":"la-feria-artesanal-y-de-huerta-de-la-ucse-abrio-su-ciclo-2025-con-gran-convocatoria","status":"publish","type":"post","link":"https:\/\/www.ucse.edu.ar\/notiucse\/2025\/03\/26\/la-feria-artesanal-y-de-huerta-de-la-ucse-abrio-su-ciclo-2025-con-gran-convocatoria\/","title":{"rendered":"La Feria Artesanal y de Huerta de la UCSE abri\u00f3 su ciclo 2025 con gran convocatoria"},"content":{"rendered":"\n<p>Con una amplia oferta de productos y el respaldo de la comunidad universitaria, la Feria Artesanal y Productos de Huerta de la UCSE dio inicio a su ciclo de encuentros 2025. El primer evento del a\u00f1o tuvo lugar el <strong>jueves 20 de marzo <\/strong>en las instalaciones de la Universidad Cat\u00f3lica de Santiago del Estero y cont\u00f3 con una destacada participaci\u00f3n de feriantes y visitantes.<\/p>\n\n\n\n<p>En esta edici\u00f3n, los stands ofrecieron una variada selecci\u00f3n de productos que incluyeron tejidos, artesan\u00edas, plantas, verduras frescas, dulces regionales y opciones saludables, promoviendo el consumo de alimentos naturales y el trabajo de emprendedores locales.<\/p>\n\n\n\n<p>Entre las personalidades que recorrieron la feria, se destac\u00f3 la presencia de la<strong> decana de la Facultad de Ciencias de la Salud, Mg. Anal\u00eda Valentini<\/strong>, quien acompa\u00f1\u00f3 a los feriantes y dialog\u00f3 con los asistentes.<\/p>\n","protected":false},"excerpt":{"rendered":"<p>La feria continuar\u00e1 con nuevos encuentros en abril, programados para los d\u00edas 3 y 10, buscando actuar como un espacio de intercambio y promoci\u00f3n de la producci\u00f3n artesanal y agroecol\u00f3gica en la provincia. <\/p>\n","protected":false},"author":2,"featured_media":11566,"comment_status":"closed","ping_status":"closed","sticky":false,"template":"","format":"standard","meta":{"_exactmetrics_skip_tracking":false,"_exactmetrics_sitenote_active":false,"_exactmetrics_sitenote_note":"","_exactmetrics_sitenote_category":0,"footnotes":""},"categories":[9,72],"tags":[111,113],"_links":{"self":[{"href":"https:\/\/www.ucse.edu.ar\/notiucse\/wp-json\/wp\/v2\/posts\/11564"}],"collection":[{"href":"https:\/\/www.ucse.edu.ar\/notiucse\/wp-json\/wp\/v2\/posts"}],"about":[{"href":"https:\/\/www.ucse.edu.ar\/notiucse\/wp-json\/wp\/v2\/types\/post"}],"author":[{"embeddable":true,"href":"https:\/\/www.ucse.edu.ar\/notiucse\/wp-json\/wp\/v2\/users\/2"}],"replies":[{"embeddable":true,"href":"https:\/\/www.ucse.edu.ar\/notiucse\/wp-json\/wp\/v2\/comments?post=11564"}],"version-history":[{"count":1,"href":"https:\/\/www.ucse.edu.ar\/notiucse\/wp-json\/wp\/v2\/posts\/11564\/revisions"}],"predecessor-version":[{"id":11565,"href":"https:\/\/www.ucse.edu.ar\/notiucse\/wp-json\/wp\/v2\/posts\/11564\/revisions\/11565"}],"wp:featuredmedia":[{"embeddable":true,"href":"https:\/\/www.ucse.edu.ar\/notiucse\/wp-json\/wp\/v2\/media\/11566"}],"wp:attachment":[{"href":"https:\/\/www.ucse.edu.ar\/notiucse\/wp-json\/wp\/v2\/media?parent=11564"}],"wp:term":[{"taxonomy":"category","embeddable":true,"href":"https:\/\/www.ucse.edu.ar\/notiucse\/wp-json\/wp\/v2\/categories?post=11564"},{"taxonomy":"post_tag","embeddable":true,"href":"https:\/\/www.ucse.edu.ar\/notiucse\/wp-json\/wp\/v2\/tags?post=11564"}],"curies":[{"name":"wp","href":"https:\/\/api.w.org\/{rel}","templated":true}]}}