{"id":11608,"date":"2025-04-10T15:09:51","date_gmt":"2025-04-10T18:09:51","guid":{"rendered":"https:\/\/www.ucse.edu.ar\/notiucse\/?p=11608"},"modified":"2025-04-10T15:10:51","modified_gmt":"2025-04-10T18:10:51","slug":"ucse-participo-del-encuentro-interinstitucional-con-coaniquem-chile-en-una-jornada-de-articulacion","status":"publish","type":"post","link":"https:\/\/www.ucse.edu.ar\/notiucse\/2025\/04\/10\/ucse-participo-del-encuentro-interinstitucional-con-coaniquem-chile-en-una-jornada-de-articulacion\/","title":{"rendered":"UCSE particip\u00f3 del encuentro interinstitucional con COANIQUEM Chile en una jornada de articulaci\u00f3n"},"content":{"rendered":"\n<p>La Universidad Cat\u00f3lica de Santiago del Estero (UCSE) form\u00f3 parte del encuentro que tom\u00f3 lugar en la Universidad Nacional de Santiago del Estero (UNSE), en el marco de la visita protocolar de autoridades de la Coroporaci\u00f3n de Ayuda al Ni\u00f1o Quemado (COANIQUEM) de Chile.<\/p>\n\n\n\n<p>La Corporaci\u00f3n, reconocida internacionalmente por su labor en la rehabilitaci\u00f3n gratuita de ni\u00f1os, ni\u00f1as y adolescentes con quemaduras, lleg\u00f3 a la provincia para establecer v\u00ednculos cooperativos con instituciones locales en materia de salud, educaci\u00f3n e inclusi\u00f3n social.<\/p>\n\n\n\n<p>Durante el encuentro, el rector de la UNSE, <strong>Ing. H\u00e9ctor Paz<\/strong> y la vicerrectora <strong>Lic. Marcela Ju\u00e1rez<\/strong>, recibieron al co-fundador de la organizaci\u00f3n chilena,<strong> Ricardo Ayala Munizaga<\/strong>, junto al director de Extensi\u00f3n, Docencia e Investigaci\u00f3n y Asuntos Internacionales, <strong>Orlando Flores Guerrero<\/strong>, y a la responsable del Servicio de Quemados del CePSI, <strong>Fanny Rond\u00f3n Torres<\/strong>. <\/p>\n\n\n\n<p>Por parte de la UCSE, participaron el rector, <strong>Ing. Luis Eugenio Lucena<\/strong>; la decana de la Facultad de Ciencias de la Salud, <strong>Mg. Anal\u00eda Valentini<\/strong>; y la secretaria de Extensi\u00f3n, <strong>Lic. Mar\u00eda Rosa Barbar\u00e1n<\/strong>. Tambi\u00e9n estuvieron presentes autoridades de otras unidades acad\u00e9micas de la UNSE, entre ellas el decano de la Facultad de Ciencias M\u00e9dicas, <strong>Esp. Eduardo Lian Allub<\/strong>, y la vicedecana de la Facultad de Humanidades, <strong>Lic. Sandra Moreir<\/strong>a.  <\/p>\n","protected":false},"excerpt":{"rendered":"<p>Autoridades de universidades, centros de salud y organizaciones internacionales se reunieron con el objetivo de cooperar conjuntamente para el bienestar integral de la infancia y la adolescencia.<\/p>\n","protected":false},"author":2,"featured_media":11609,"comment_status":"closed","ping_status":"closed","sticky":false,"template":"","format":"standard","meta":{"_exactmetrics_skip_tracking":false,"_exactmetrics_sitenote_active":false,"_exactmetrics_sitenote_note":"","_exactmetrics_sitenote_category":0,"footnotes":""},"categories":[73,72],"tags":[39],"_links":{"self":[{"href":"https:\/\/www.ucse.edu.ar\/notiucse\/wp-json\/wp\/v2\/posts\/11608"}],"collection":[{"href":"https:\/\/www.ucse.edu.ar\/notiucse\/wp-json\/wp\/v2\/posts"}],"about":[{"href":"https:\/\/www.ucse.edu.ar\/notiucse\/wp-json\/wp\/v2\/types\/post"}],"author":[{"embeddable":true,"href":"https:\/\/www.ucse.edu.ar\/notiucse\/wp-json\/wp\/v2\/users\/2"}],"replies":[{"embeddable":true,"href":"https:\/\/www.ucse.edu.ar\/notiucse\/wp-json\/wp\/v2\/comments?post=11608"}],"version-history":[{"count":4,"href":"https:\/\/www.ucse.edu.ar\/notiucse\/wp-json\/wp\/v2\/posts\/11608\/revisions"}],"predecessor-version":[{"id":11613,"href":"https:\/\/www.ucse.edu.ar\/notiucse\/wp-json\/wp\/v2\/posts\/11608\/revisions\/11613"}],"wp:featuredmedia":[{"embeddable":true,"href":"https:\/\/www.ucse.edu.ar\/notiucse\/wp-json\/wp\/v2\/media\/11609"}],"wp:attachment":[{"href":"https:\/\/www.ucse.edu.ar\/notiucse\/wp-json\/wp\/v2\/media?parent=11608"}],"wp:term":[{"taxonomy":"category","embeddable":true,"href":"https:\/\/www.ucse.edu.ar\/notiucse\/wp-json\/wp\/v2\/categories?post=11608"},{"taxonomy":"post_tag","embeddable":true,"href":"https:\/\/www.ucse.edu.ar\/notiucse\/wp-json\/wp\/v2\/tags?post=11608"}],"curies":[{"name":"wp","href":"https:\/\/api.w.org\/{rel}","templated":true}]}}