{"id":11618,"date":"2025-04-11T18:38:17","date_gmt":"2025-04-11T21:38:17","guid":{"rendered":"https:\/\/www.ucse.edu.ar\/notiucse\/?p=11618"},"modified":"2025-04-11T18:38:17","modified_gmt":"2025-04-11T21:38:17","slug":"ucse-rafaela-acompano-la-apertura-del-ano-academico-del-c-u-r-junto-a-otras-instituciones","status":"publish","type":"post","link":"https:\/\/www.ucse.edu.ar\/notiucse\/2025\/04\/11\/ucse-rafaela-acompano-la-apertura-del-ano-academico-del-c-u-r-junto-a-otras-instituciones\/","title":{"rendered":"UCSE Rafaela acompa\u00f1\u00f3 la apertura del a\u00f1o acad\u00e9mico del C.U.R junto a otras instituciones"},"content":{"rendered":"\n<p>El pasado mi\u00e9rcoles 9 de abril, en el Cine Teatro Municipal Manuel Belgrano de la ciudad de Rafaela, se llev\u00f3 a cabo el acto oficial de apertura del a\u00f1o acad\u00e9mico 2025 del Consejo Universitario de Rafaela (CUR). El evento convoc\u00f3 a autoridades locales, representantes de las instituciones educativas que integran el sistema de educaci\u00f3n superior en la ciudad y a estudiantes de diversas carreras.<\/p>\n\n\n\n<p>El acto cont\u00f3 con la presencia del intendente <strong>Leonardo Viotti<\/strong>, la secretaria de Educaci\u00f3n y Cultura, Norma Becchio, y el presidente del CUR e integrante del ITEC, <strong>Ignacio L\u00f3pez<\/strong>. Tambi\u00e9n estuvieron presentes el decano de la UTN Rafaela, <strong>Oscar David;<\/strong> el rector de la UNRaf, <strong>Rub\u00e9n Asc\u00faa<\/strong>; el secretario acad\u00e9mico de la UCES Rafaela, <strong>Germ\u00e1n B\u00fcrcher<\/strong>; el decano de la UCSE Rafaela<strong>, Dar\u00edo Karchesky; <\/strong>el delegado de la UCSF, <strong>Gast\u00f3n Ferreyra<\/strong>; y la directora del Instituto Superior del Profesorado N\u00ba 2 &#8220;Joaqu\u00edn V. Gonz\u00e1lez&#8221;, <strong>Laura Culzoni<\/strong>.<\/p>\n\n\n\n<p>En el marco de la apertura, Ignacio L\u00f3pez y el intendente Viotti dirigieron unas palabras al p\u00fablico presente, destacando el rol clave de las universidades e institutos en el desarrollo de la ciudad, as\u00ed como la importancia del trabajo conjunto para impulsar la educaci\u00f3n superior.<\/p>\n\n\n\n<p>Como parte de la jornada, se ofreci\u00f3 una charla abierta a la comunidad titulada <em>&#8220;Integrando IA en el aprendizaje&#8221;<\/em>, a cargo de la <strong>Dra. Marianela Soledad Reinhardt<\/strong>, docente de la UNRaf, y el<strong> Ing. Juan Pedro Fisanotti<\/strong>, egresado y docente de la UCSE Rafaela. Durante su exposici\u00f3n, ambos especialistas abordaron los desaf\u00edos y oportunidades que representa la incorporaci\u00f3n de la inteligencia artificial en los procesos educativos actuales, en un contexto donde la tecnolog\u00eda redefine constantemente el acceso y la construcci\u00f3n del conocimiento.<\/p>\n","protected":false},"excerpt":{"rendered":"<p>El acto, realizado en el Cine Teatro Municipal Manuel Belgrano, reuni\u00f3 a autoridades locales, estudiantes y representantes de las instituciones que integran el Consejo Universitario de Rafaela para dar inicio al ciclo lectivo 2025.<\/p>\n","protected":false},"author":2,"featured_media":11619,"comment_status":"closed","ping_status":"closed","sticky":false,"template":"","format":"standard","meta":{"_exactmetrics_skip_tracking":false,"_exactmetrics_sitenote_active":false,"_exactmetrics_sitenote_note":"","_exactmetrics_sitenote_category":0,"footnotes":""},"categories":[20],"tags":[35],"_links":{"self":[{"href":"https:\/\/www.ucse.edu.ar\/notiucse\/wp-json\/wp\/v2\/posts\/11618"}],"collection":[{"href":"https:\/\/www.ucse.edu.ar\/notiucse\/wp-json\/wp\/v2\/posts"}],"about":[{"href":"https:\/\/www.ucse.edu.ar\/notiucse\/wp-json\/wp\/v2\/types\/post"}],"author":[{"embeddable":true,"href":"https:\/\/www.ucse.edu.ar\/notiucse\/wp-json\/wp\/v2\/users\/2"}],"replies":[{"embeddable":true,"href":"https:\/\/www.ucse.edu.ar\/notiucse\/wp-json\/wp\/v2\/comments?post=11618"}],"version-history":[{"count":1,"href":"https:\/\/www.ucse.edu.ar\/notiucse\/wp-json\/wp\/v2\/posts\/11618\/revisions"}],"predecessor-version":[{"id":11620,"href":"https:\/\/www.ucse.edu.ar\/notiucse\/wp-json\/wp\/v2\/posts\/11618\/revisions\/11620"}],"wp:featuredmedia":[{"embeddable":true,"href":"https:\/\/www.ucse.edu.ar\/notiucse\/wp-json\/wp\/v2\/media\/11619"}],"wp:attachment":[{"href":"https:\/\/www.ucse.edu.ar\/notiucse\/wp-json\/wp\/v2\/media?parent=11618"}],"wp:term":[{"taxonomy":"category","embeddable":true,"href":"https:\/\/www.ucse.edu.ar\/notiucse\/wp-json\/wp\/v2\/categories?post=11618"},{"taxonomy":"post_tag","embeddable":true,"href":"https:\/\/www.ucse.edu.ar\/notiucse\/wp-json\/wp\/v2\/tags?post=11618"}],"curies":[{"name":"wp","href":"https:\/\/api.w.org\/{rel}","templated":true}]}}