{"id":11628,"date":"2025-04-16T12:42:49","date_gmt":"2025-04-16T15:42:49","guid":{"rendered":"https:\/\/www.ucse.edu.ar\/notiucse\/?p=11628"},"modified":"2025-04-21T17:18:10","modified_gmt":"2025-04-21T20:18:10","slug":"se-brindara-una-conferencia-abierta-sobre-la-propuesta-fraternal-del-papa-francisco","status":"publish","type":"post","link":"https:\/\/www.ucse.edu.ar\/notiucse\/2025\/04\/16\/se-brindara-una-conferencia-abierta-sobre-la-propuesta-fraternal-del-papa-francisco\/","title":{"rendered":"Se brindar\u00e1 una conferencia abierta sobre la propuesta fraternal del Papa Francisco"},"content":{"rendered":"\n<p>El pr\u00f3ximo martes 22 de abril a las 19 horas, la Universidad Cat\u00f3lica de Santiago del Estero ser\u00e1 sede de la conferencia \u201c<strong>El jubileo de la Esperanza. Una Propuesta Fraternal de Francisco<\/strong>\u201d, un espacio abierto al p\u00fablico en general que invita a pensar el presente y el futuro desde la esperanza y el encuentro fraterno.<\/p>\n\n\n\n<p>La actividad tendr\u00e1 lugar en el Sal\u00f3n Auditorio del Campus y contar\u00e1 con la disertaci\u00f3n de la <strong>Dra. Mar\u00eda Mercedes Tenti<\/strong> y del <strong>Monse\u00f1or Jos\u00e9 Luis Corral<\/strong>, quienes abordar\u00e1n las claves del mensaje papal desde sus trayectorias y perspectivas.&nbsp;<\/p>\n\n\n\n<p>La propuesta se enmarca en las actividades impulsadas por la UCSE que buscan generar espacios de di\u00e1logo abiertos a la ciudadan\u00eda, poniendo en valor la <strong>dimensi\u00f3n espiritual y \u00e9tica<\/strong> como ejes del compromiso social. En sinton\u00eda con su identidad como instituci\u00f3n de ra\u00edz cat\u00f3lica, la universidad apela a la formaci\u00f3n integral de las personas y la promoci\u00f3n de valores cristianos, ofreciendo esta conferencia como una oportunidad para profundizar en el mensaje de fraternidad y esperanza propuesto por el Papa Francisco.&nbsp;<\/p>\n","protected":false},"excerpt":{"rendered":"<p>Dirigida al p\u00fablico en general, una conferencia que reflexiona en torno a la renovaci\u00f3n espiritual, el perd\u00f3n y la misericordia de Dios. <\/p>\n","protected":false},"author":2,"featured_media":11629,"comment_status":"closed","ping_status":"closed","sticky":false,"template":"","format":"standard","meta":{"_exactmetrics_skip_tracking":false,"_exactmetrics_sitenote_active":false,"_exactmetrics_sitenote_note":"","_exactmetrics_sitenote_category":0,"footnotes":""},"categories":[73,72],"tags":[51],"_links":{"self":[{"href":"https:\/\/www.ucse.edu.ar\/notiucse\/wp-json\/wp\/v2\/posts\/11628"}],"collection":[{"href":"https:\/\/www.ucse.edu.ar\/notiucse\/wp-json\/wp\/v2\/posts"}],"about":[{"href":"https:\/\/www.ucse.edu.ar\/notiucse\/wp-json\/wp\/v2\/types\/post"}],"author":[{"embeddable":true,"href":"https:\/\/www.ucse.edu.ar\/notiucse\/wp-json\/wp\/v2\/users\/2"}],"replies":[{"embeddable":true,"href":"https:\/\/www.ucse.edu.ar\/notiucse\/wp-json\/wp\/v2\/comments?post=11628"}],"version-history":[{"count":2,"href":"https:\/\/www.ucse.edu.ar\/notiucse\/wp-json\/wp\/v2\/posts\/11628\/revisions"}],"predecessor-version":[{"id":11632,"href":"https:\/\/www.ucse.edu.ar\/notiucse\/wp-json\/wp\/v2\/posts\/11628\/revisions\/11632"}],"wp:featuredmedia":[{"embeddable":true,"href":"https:\/\/www.ucse.edu.ar\/notiucse\/wp-json\/wp\/v2\/media\/11629"}],"wp:attachment":[{"href":"https:\/\/www.ucse.edu.ar\/notiucse\/wp-json\/wp\/v2\/media?parent=11628"}],"wp:term":[{"taxonomy":"category","embeddable":true,"href":"https:\/\/www.ucse.edu.ar\/notiucse\/wp-json\/wp\/v2\/categories?post=11628"},{"taxonomy":"post_tag","embeddable":true,"href":"https:\/\/www.ucse.edu.ar\/notiucse\/wp-json\/wp\/v2\/tags?post=11628"}],"curies":[{"name":"wp","href":"https:\/\/api.w.org\/{rel}","templated":true}]}}