{"id":11660,"date":"2025-04-30T08:40:32","date_gmt":"2025-04-30T11:40:32","guid":{"rendered":"http:\/\/www.ucse.edu.ar\/notiucse\/?p=11660"},"modified":"2025-04-30T08:40:34","modified_gmt":"2025-04-30T11:40:34","slug":"nueva-normativa-politica-de-inclusion-de-la-universidad-catolica-de-santiago-del-estero","status":"publish","type":"post","link":"https:\/\/www.ucse.edu.ar\/notiucse\/2025\/04\/30\/nueva-normativa-politica-de-inclusion-de-la-universidad-catolica-de-santiago-del-estero\/","title":{"rendered":"Nueva normativa: Pol\u00edtica de Inclusi\u00f3n de la Universidad Cat\u00f3lica de Santiago del Estero"},"content":{"rendered":"\n<p>El 10 de diciembre de 2024, por <strong>Resoluci\u00f3n de Consejo Superior N\u00b0 311<\/strong>, la Universidad Cat\u00f3lica de Santiago del Estero, ha aprobado el documento <strong>\u201cPol\u00edtica de Inclusi\u00f3n de la Universidad Cat\u00f3lica de Santiago del Estero\u201d<\/strong>, fundado en antecedentes normativos internacionales y argentinos que sustentan la perspectiva de educaci\u00f3n inclusiva, desde una cosmovisi\u00f3n de Derechos Humanos. El mismo refleja el compromiso institucional con la misi\u00f3n plasmada en el pre\u00e1mbulo de su estatuto acad\u00e9mico y reafirma la convicci\u00f3n de sostener una cultura abierta a la diversidad.<\/p>\n\n\n\n<p>De esta manera, propicia la <strong>atenci\u00f3n a la diversidad de toda la comunidad educativa<\/strong> (alumnos, docentes, autoridades y personal de administraci\u00f3n y servicios), como una pr\u00e1ctica cotidiana y habitual, que no requiere de medidas excepcionales que se adoptan para determinadas personas y procura la b\u00fasqueda de un equilibrio entre los servicios que puede brindar, (en el marco de sus posibilidades estructurales, acad\u00e9micas, tecnol\u00f3gicas y asistenciales) y las posibilidades de los destinatarios de los mismos.<\/p>\n\n\n\n<p>Asimismo, est\u00e1 orientada a <strong>promover el acceso y la permanencia<\/strong> de toda persona que, en uso de su autonom\u00eda para decidir y gestionar su propio proyecto de vida, manifieste expresamente su voluntad de formar parte de la comunidad educativa y pueda hacer uso de sus capacidades para llevar a cabo las actividades acad\u00e9micas, movilizar sus habilidades y recursos personales (cognitivos, volitivos, afectivos, etc.), asumir las consecuencias de sus decisiones y adoptar las normas de convivencia, en resguardo de los derechos de todos.<\/p>\n\n\n\n<p>En consonancia con ello, la instituci\u00f3n est\u00e1 realizando un trabajo sostenido de reflexi\u00f3n, debate, di\u00e1logo, construcci\u00f3n de estrategias que permitan la concreci\u00f3n de los objetivos planteados a partir del documento.<\/p>\n","protected":false},"excerpt":{"rendered":"<p>Con una mirada centrada en los derechos humanos, la UCSE apunta al compromiso constante con una educaci\u00f3n inclusiva al aprobar su Pol\u00edtica de Inclusi\u00f3n, orientada a una cultura universitaria abierta, diversa y accesible para toda la comunidad educativa.<\/p>\n","protected":false},"author":2,"featured_media":8860,"comment_status":"closed","ping_status":"closed","sticky":false,"template":"","format":"standard","meta":{"_exactmetrics_skip_tracking":false,"_exactmetrics_sitenote_active":false,"_exactmetrics_sitenote_note":"","_exactmetrics_sitenote_category":0,"footnotes":""},"categories":[73],"tags":[52,39],"_links":{"self":[{"href":"https:\/\/www.ucse.edu.ar\/notiucse\/wp-json\/wp\/v2\/posts\/11660"}],"collection":[{"href":"https:\/\/www.ucse.edu.ar\/notiucse\/wp-json\/wp\/v2\/posts"}],"about":[{"href":"https:\/\/www.ucse.edu.ar\/notiucse\/wp-json\/wp\/v2\/types\/post"}],"author":[{"embeddable":true,"href":"https:\/\/www.ucse.edu.ar\/notiucse\/wp-json\/wp\/v2\/users\/2"}],"replies":[{"embeddable":true,"href":"https:\/\/www.ucse.edu.ar\/notiucse\/wp-json\/wp\/v2\/comments?post=11660"}],"version-history":[{"count":1,"href":"https:\/\/www.ucse.edu.ar\/notiucse\/wp-json\/wp\/v2\/posts\/11660\/revisions"}],"predecessor-version":[{"id":11661,"href":"https:\/\/www.ucse.edu.ar\/notiucse\/wp-json\/wp\/v2\/posts\/11660\/revisions\/11661"}],"wp:featuredmedia":[{"embeddable":true,"href":"https:\/\/www.ucse.edu.ar\/notiucse\/wp-json\/wp\/v2\/media\/8860"}],"wp:attachment":[{"href":"https:\/\/www.ucse.edu.ar\/notiucse\/wp-json\/wp\/v2\/media?parent=11660"}],"wp:term":[{"taxonomy":"category","embeddable":true,"href":"https:\/\/www.ucse.edu.ar\/notiucse\/wp-json\/wp\/v2\/categories?post=11660"},{"taxonomy":"post_tag","embeddable":true,"href":"https:\/\/www.ucse.edu.ar\/notiucse\/wp-json\/wp\/v2\/tags?post=11660"}],"curies":[{"name":"wp","href":"https:\/\/api.w.org\/{rel}","templated":true}]}}