{"id":11682,"date":"2025-05-26T11:50:15","date_gmt":"2025-05-26T14:50:15","guid":{"rendered":"https:\/\/www.ucse.edu.ar\/notiucse\/?p=11682"},"modified":"2025-05-26T11:50:15","modified_gmt":"2025-05-26T14:50:15","slug":"se-impartira-un-taller-sobre-tasacion-de-bienes-artisticos-en-ucse-buenos-aires","status":"publish","type":"post","link":"https:\/\/www.ucse.edu.ar\/notiucse\/2025\/05\/26\/se-impartira-un-taller-sobre-tasacion-de-bienes-artisticos-en-ucse-buenos-aires\/","title":{"rendered":"Se impartir\u00e1 un taller sobre tasaci\u00f3n de bienes art\u00edsticos en UCSE Buenos Aires"},"content":{"rendered":"\n<p>La Universidad Cat\u00f3lica de Santiago del Estero, sede Buenos Aires, lanza una nueva propuesta de formaci\u00f3n abierta: el taller <strong>\u201cTasaci\u00f3n de bienes art\u00edsticos\u201d<\/strong>, a cargo del Arq. Gustavo Marcelo Gonik. Esta capacitaci\u00f3n se dictar\u00e1 <strong>a distancia<\/strong>, por lo que podr\u00e1 realizarse desde <strong>cualquier punto del pa\u00eds<\/strong>.\u00a0\u00a0<\/p>\n\n\n\n<p>El taller comenzar\u00e1 el <strong>mi\u00e9rcoles 29 de mayo a las 18:00<\/strong>, con una duraci\u00f3n de <strong>cuatro encuentros semanales de 90 minutos<\/strong> cada uno. Est\u00e1 dirigido a personas interesadas en el mercado del arte, su valoraci\u00f3n y comercializaci\u00f3n.<\/p>\n\n\n\n<p>A lo largo de cuatro m\u00f3dulos, se abordar\u00e1n temas como las caracter\u00edsticas del mercado de arte y antig\u00fcedades, la teor\u00eda de las subastas, los bienes de colecci\u00f3n y las t\u00e9cnicas de tasaci\u00f3n. Tambi\u00e9n se brindar\u00e1n herramientas clave para el peritaje de obras de arte y la determinaci\u00f3n de su valor en funci\u00f3n de par\u00e1metros t\u00e9cnicos y simb\u00f3licos.<\/p>\n\n\n\n<p>El valor general es de <strong>$49.900<\/strong>, con un arancel preferencial de <strong>$40.900<\/strong> para alumnos, egresados, docentes y personas vinculadas a convenios institucionales (CMFSI, AJB y Poder Judicial). Las inscripciones ya est\u00e1n abiertas.<\/p>\n","protected":false},"excerpt":{"rendered":"<p>Dirigido a p\u00fablico en general interesado en la tem\u00e1tica. Modalidad vitual. <\/p>\n","protected":false},"author":2,"featured_media":11683,"comment_status":"closed","ping_status":"closed","sticky":false,"template":"","format":"standard","meta":{"_exactmetrics_skip_tracking":false,"_exactmetrics_sitenote_active":false,"_exactmetrics_sitenote_note":"","_exactmetrics_sitenote_category":0,"footnotes":""},"categories":[21],"tags":[],"_links":{"self":[{"href":"https:\/\/www.ucse.edu.ar\/notiucse\/wp-json\/wp\/v2\/posts\/11682"}],"collection":[{"href":"https:\/\/www.ucse.edu.ar\/notiucse\/wp-json\/wp\/v2\/posts"}],"about":[{"href":"https:\/\/www.ucse.edu.ar\/notiucse\/wp-json\/wp\/v2\/types\/post"}],"author":[{"embeddable":true,"href":"https:\/\/www.ucse.edu.ar\/notiucse\/wp-json\/wp\/v2\/users\/2"}],"replies":[{"embeddable":true,"href":"https:\/\/www.ucse.edu.ar\/notiucse\/wp-json\/wp\/v2\/comments?post=11682"}],"version-history":[{"count":2,"href":"https:\/\/www.ucse.edu.ar\/notiucse\/wp-json\/wp\/v2\/posts\/11682\/revisions"}],"predecessor-version":[{"id":11685,"href":"https:\/\/www.ucse.edu.ar\/notiucse\/wp-json\/wp\/v2\/posts\/11682\/revisions\/11685"}],"wp:featuredmedia":[{"embeddable":true,"href":"https:\/\/www.ucse.edu.ar\/notiucse\/wp-json\/wp\/v2\/media\/11683"}],"wp:attachment":[{"href":"https:\/\/www.ucse.edu.ar\/notiucse\/wp-json\/wp\/v2\/media?parent=11682"}],"wp:term":[{"taxonomy":"category","embeddable":true,"href":"https:\/\/www.ucse.edu.ar\/notiucse\/wp-json\/wp\/v2\/categories?post=11682"},{"taxonomy":"post_tag","embeddable":true,"href":"https:\/\/www.ucse.edu.ar\/notiucse\/wp-json\/wp\/v2\/tags?post=11682"}],"curies":[{"name":"wp","href":"https:\/\/api.w.org\/{rel}","templated":true}]}}