{"id":11764,"date":"2025-05-19T15:42:45","date_gmt":"2025-05-19T18:42:45","guid":{"rendered":"https:\/\/www.ucse.edu.ar\/notiucse\/?p=11764"},"modified":"2025-05-19T15:43:19","modified_gmt":"2025-05-19T18:43:19","slug":"el-rector-de-la-ucse-acompano-la-sesion-de-clausura-del-proceso-de-beatificacion-de-monsenor-jorge-gottau","status":"publish","type":"post","link":"https:\/\/www.ucse.edu.ar\/notiucse\/2025\/05\/19\/el-rector-de-la-ucse-acompano-la-sesion-de-clausura-del-proceso-de-beatificacion-de-monsenor-jorge-gottau\/","title":{"rendered":"El Rector de la UCSE acompa\u00f1\u00f3 la Sesi\u00f3n de Clausura del proceso de beatificaci\u00f3n de Monse\u00f1or Jorge Gottau"},"content":{"rendered":"\n<p>Este lunes 19 de mayo de 2025, en la Catedral Metropolitana de Buenos Aires, el rector de la Universidad Cat\u00f3lica de Santiago del Estero (UCSE), <strong>Ing. Luis Eugenio Lucena<\/strong>, asisti\u00f3 junto al gobernador de la provincia,<strong> Dr. Gerardo Zamora<\/strong>, y otras autoridades a la <strong>Sesi\u00f3n de Clausura del Proceso de Beatificaci\u00f3n y Canonizaci\u00f3n \u2014etapa arquidiocesana\u2014 de Monse\u00f1or Jorge Gottau<\/strong>, antiguo obispo de A\u00f1atuya.<\/p>\n\n\n<div class=\"wp-block-image\">\n<figure class=\"alignleft size-large is-resized\"><a href=\"https:\/\/www.ucse.edu.ar\/notiucse\/wp-content\/uploads\/2025\/05\/WhatsApp-Image-2025-05-19-at-15.11.43-1.jpeg\"><img fetchpriority=\"high\" decoding=\"async\" width=\"1024\" height=\"1024\" src=\"https:\/\/www.ucse.edu.ar\/notiucse\/wp-content\/uploads\/2025\/05\/WhatsApp-Image-2025-05-19-at-15.11.43-1-1024x1024.jpeg\" alt=\"\" class=\"wp-image-11770\" style=\"width:394px;height:auto\" srcset=\"https:\/\/www.ucse.edu.ar\/notiucse\/wp-content\/uploads\/2025\/05\/WhatsApp-Image-2025-05-19-at-15.11.43-1-1024x1024.jpeg 1024w, https:\/\/www.ucse.edu.ar\/notiucse\/wp-content\/uploads\/2025\/05\/WhatsApp-Image-2025-05-19-at-15.11.43-1-300x300.jpeg 300w, https:\/\/www.ucse.edu.ar\/notiucse\/wp-content\/uploads\/2025\/05\/WhatsApp-Image-2025-05-19-at-15.11.43-1-150x150.jpeg 150w, https:\/\/www.ucse.edu.ar\/notiucse\/wp-content\/uploads\/2025\/05\/WhatsApp-Image-2025-05-19-at-15.11.43-1-1536x1536.jpeg 1536w, https:\/\/www.ucse.edu.ar\/notiucse\/wp-content\/uploads\/2025\/05\/WhatsApp-Image-2025-05-19-at-15.11.43-1-2048x2048.jpeg 2048w, https:\/\/www.ucse.edu.ar\/notiucse\/wp-content\/uploads\/2025\/05\/WhatsApp-Image-2025-05-19-at-15.11.43-1-90x90.jpeg 90w, https:\/\/www.ucse.edu.ar\/notiucse\/wp-content\/uploads\/2025\/05\/WhatsApp-Image-2025-05-19-at-15.11.43-1-370x370.jpeg 370w\" sizes=\"(max-width: 1024px) 100vw, 1024px\" \/><\/a><figcaption class=\"wp-element-caption\"><em><em>El rector Lucena junto al gobernador Zamora en la Catedral Metropolitana.<\/em><br><\/em><\/figcaption><\/figure><\/div>\n\n\n<p>Este acontecimiento se presenta como un paso importante dentro del proceso, ya que marca el cierre de la etapa arquidiocesana de la causa de beatificaci\u00f3n y canonizaci\u00f3n de Monse\u00f1or Gottau. Dicha etapa fue iniciada oficialmente en el a\u00f1o 2010 en la Arquidi\u00f3cesis de Buenos Aires, durante el ministerio pastoral del entonces arzobispo, el cardenal Jorge Mario Bergoglio, dado que fue en esta ciudad donde Monse\u00f1or Gottau falleci\u00f3.<\/p>\n\n\n\n<p>Con el cierre de esta fase, todo el expediente que re\u00fane la investigaci\u00f3n y documentaci\u00f3n recopilada ser\u00e1 enviado al <strong>Vaticano<\/strong> para su an\u00e1lisis por parte del <strong>Dicasterio para las Causas de los Santos<\/strong>.<\/p>\n\n\n\n<p>Este hecho marca el inicio de la llamada<strong> fase romana<\/strong> del proceso. Para la Di\u00f3cesis de A\u00f1atuya, para la provincia de Santiago del Estero y para toda la Iglesia en la Argentina, representa el camino esperado hacia la posible beatificaci\u00f3n y canonizaci\u00f3n de Monse\u00f1or Jorge Gottau, una figura que marca la historia eclesial del norte argentino.<\/p>\n\n\n\n<p>La sesi\u00f3n de clausura cont\u00f3 con la participaci\u00f3n del arzobispo de Buenos Aires, <strong>Mons. Jorge Garc\u00eda Cuerva;<\/strong> los obispos <strong>Monse\u00f1or Antonio Juan Baseotto<\/strong>, <strong>Monse\u00f1or Adolfo Armando Uriona<\/strong> y <strong>Monse\u00f1or Jos\u00e9 Melit\u00f3n Ch\u00e1vez<\/strong>; as\u00ed como del actual obispo de A\u00f1atuya, <strong>Monse\u00f1or Jos\u00e9 Luis Corral<\/strong>.<\/p>\n","protected":false},"excerpt":{"rendered":"<p>La Universidad estuvo presente en un acto cargado de simbolismo y memoria, acompa\u00f1ando el legado espiritual de quien marc\u00f3 la historia religiosa del norte argentino.<\/p>\n","protected":false},"author":2,"featured_media":11772,"comment_status":"closed","ping_status":"closed","sticky":false,"template":"","format":"standard","meta":{"_exactmetrics_skip_tracking":false,"_exactmetrics_sitenote_active":false,"_exactmetrics_sitenote_note":"","_exactmetrics_sitenote_category":0,"footnotes":""},"categories":[73],"tags":[39],"_links":{"self":[{"href":"https:\/\/www.ucse.edu.ar\/notiucse\/wp-json\/wp\/v2\/posts\/11764"}],"collection":[{"href":"https:\/\/www.ucse.edu.ar\/notiucse\/wp-json\/wp\/v2\/posts"}],"about":[{"href":"https:\/\/www.ucse.edu.ar\/notiucse\/wp-json\/wp\/v2\/types\/post"}],"author":[{"embeddable":true,"href":"https:\/\/www.ucse.edu.ar\/notiucse\/wp-json\/wp\/v2\/users\/2"}],"replies":[{"embeddable":true,"href":"https:\/\/www.ucse.edu.ar\/notiucse\/wp-json\/wp\/v2\/comments?post=11764"}],"version-history":[{"count":3,"href":"https:\/\/www.ucse.edu.ar\/notiucse\/wp-json\/wp\/v2\/posts\/11764\/revisions"}],"predecessor-version":[{"id":11774,"href":"https:\/\/www.ucse.edu.ar\/notiucse\/wp-json\/wp\/v2\/posts\/11764\/revisions\/11774"}],"wp:featuredmedia":[{"embeddable":true,"href":"https:\/\/www.ucse.edu.ar\/notiucse\/wp-json\/wp\/v2\/media\/11772"}],"wp:attachment":[{"href":"https:\/\/www.ucse.edu.ar\/notiucse\/wp-json\/wp\/v2\/media?parent=11764"}],"wp:term":[{"taxonomy":"category","embeddable":true,"href":"https:\/\/www.ucse.edu.ar\/notiucse\/wp-json\/wp\/v2\/categories?post=11764"},{"taxonomy":"post_tag","embeddable":true,"href":"https:\/\/www.ucse.edu.ar\/notiucse\/wp-json\/wp\/v2\/tags?post=11764"}],"curies":[{"name":"wp","href":"https:\/\/api.w.org\/{rel}","templated":true}]}}