{"id":11793,"date":"2025-05-23T09:08:24","date_gmt":"2025-05-23T12:08:24","guid":{"rendered":"https:\/\/www.ucse.edu.ar\/notiucse\/?p=11793"},"modified":"2025-05-23T09:08:25","modified_gmt":"2025-05-23T12:08:25","slug":"docentes-de-psicopedagogia-avanzan-en-criterios-comunes-para-la-evaluacion-de-trabajos-finales","status":"publish","type":"post","link":"https:\/\/www.ucse.edu.ar\/notiucse\/2025\/05\/23\/docentes-de-psicopedagogia-avanzan-en-criterios-comunes-para-la-evaluacion-de-trabajos-finales\/","title":{"rendered":"Docentes de psicopedagog\u00eda avanzan en criterios comunes para la evaluaci\u00f3n de trabajos finales"},"content":{"rendered":"\n<p>El pasado martes 20 de mayo se llev\u00f3 a cabo el primer encuentro del taller <strong>\u201cCriterios para la evaluaci\u00f3n y direcci\u00f3n de TIF en Psicopedagog\u00eda\u201d<\/strong>, destinado a docentes directores y evaluadores de Trabajos Integradores Finales (TIF) de la Licenciatura en Psicopedagog\u00eda de la UCSE.<\/p>\n\n\n\n<p>La jornada estuvo coordinada por la <strong>Lic. Macarena Cacciolatti<\/strong>, referente del \u00c1rea de Investigaci\u00f3n, y cont\u00f3 con la participaci\u00f3n de la <strong>directora de carrera, Lic. Judith Bitar<\/strong>, y la <strong>prosecretaria de Investigaci\u00f3n de la Facultad, Mg. Eliana Neme<\/strong>.<\/p>\n\n\n\n<p>Durante el taller, los equipos docentes reflexionaron, debatieron y consensuaron lineamientos sobre la valoraci\u00f3n de los trabajos finales de investigaci\u00f3n de los estudiantes. Esta iniciativa busca establecer un marco com\u00fan de criterios evaluativos que contemple la diversidad de enfoques metodol\u00f3gicos y tem\u00e1ticos, pero que al mismo tiempo garantice la coherencia y la excelencia acad\u00e9mica.<\/p>\n\n\n\n<p>La propuesta se enmarca en una pol\u00edtica de mejora continua que promueve espacios de di\u00e1logo, formaci\u00f3n y retroalimentaci\u00f3n entre los equipos docentes El <strong>segundo encuentro<\/strong> del taller est\u00e1 previsto para el pr\u00f3ximo <strong>martes 27 de mayo a las 18 h en el aula 39<\/strong>. Si sos docente, director o codirector, escane\u00e1 el c\u00f3digo QR disponible en la publicaci\u00f3n del instagram oficial de Facultad de Ciencias de la Salud (<a href=\"https:\/\/www.instagram.com\/facultadsaluducse\/?hl=es-la\">@facultadsaluducse<\/a>) para poder acceder a la inscripci\u00f3n del segundo encuentro.<\/p>\n","protected":false},"excerpt":{"rendered":"<p>La carrera de Psicopedagog\u00eda impulsa espacios de formaci\u00f3n y reflexi\u00f3n que fortalecen la calidad acad\u00e9mica y la coherencia evaluativa entre docentes directores y evaluadores de TIF.<\/p>\n","protected":false},"author":2,"featured_media":11795,"comment_status":"closed","ping_status":"closed","sticky":false,"template":"","format":"standard","meta":{"_exactmetrics_skip_tracking":false,"_exactmetrics_sitenote_active":false,"_exactmetrics_sitenote_note":"","_exactmetrics_sitenote_category":0,"footnotes":""},"categories":[9,72],"tags":[136],"_links":{"self":[{"href":"https:\/\/www.ucse.edu.ar\/notiucse\/wp-json\/wp\/v2\/posts\/11793"}],"collection":[{"href":"https:\/\/www.ucse.edu.ar\/notiucse\/wp-json\/wp\/v2\/posts"}],"about":[{"href":"https:\/\/www.ucse.edu.ar\/notiucse\/wp-json\/wp\/v2\/types\/post"}],"author":[{"embeddable":true,"href":"https:\/\/www.ucse.edu.ar\/notiucse\/wp-json\/wp\/v2\/users\/2"}],"replies":[{"embeddable":true,"href":"https:\/\/www.ucse.edu.ar\/notiucse\/wp-json\/wp\/v2\/comments?post=11793"}],"version-history":[{"count":1,"href":"https:\/\/www.ucse.edu.ar\/notiucse\/wp-json\/wp\/v2\/posts\/11793\/revisions"}],"predecessor-version":[{"id":11796,"href":"https:\/\/www.ucse.edu.ar\/notiucse\/wp-json\/wp\/v2\/posts\/11793\/revisions\/11796"}],"wp:featuredmedia":[{"embeddable":true,"href":"https:\/\/www.ucse.edu.ar\/notiucse\/wp-json\/wp\/v2\/media\/11795"}],"wp:attachment":[{"href":"https:\/\/www.ucse.edu.ar\/notiucse\/wp-json\/wp\/v2\/media?parent=11793"}],"wp:term":[{"taxonomy":"category","embeddable":true,"href":"https:\/\/www.ucse.edu.ar\/notiucse\/wp-json\/wp\/v2\/categories?post=11793"},{"taxonomy":"post_tag","embeddable":true,"href":"https:\/\/www.ucse.edu.ar\/notiucse\/wp-json\/wp\/v2\/tags?post=11793"}],"curies":[{"name":"wp","href":"https:\/\/api.w.org\/{rel}","templated":true}]}}