{"id":11809,"date":"2025-05-26T14:44:12","date_gmt":"2025-05-26T17:44:12","guid":{"rendered":"https:\/\/www.ucse.edu.ar\/notiucse\/?p=11809"},"modified":"2025-05-26T15:00:41","modified_gmt":"2025-05-26T18:00:41","slug":"estudiantes-de-comunicacion-social-realizaran-una-muestra-homenaje-al-docente-y-fotografo-gustavo-tarchini","status":"publish","type":"post","link":"https:\/\/www.ucse.edu.ar\/notiucse\/2025\/05\/26\/estudiantes-de-comunicacion-social-realizaran-una-muestra-homenaje-al-docente-y-fotografo-gustavo-tarchini\/","title":{"rendered":"Estudiantes de Comunicaci\u00f3n Social realizar\u00e1n una muestra homenaje al docente y fot\u00f3grafo Gustavo Tarchini"},"content":{"rendered":"\n<p>Hoy, <strong>lunes 26 de mayo a las 19 horas, <\/strong>se inaugurar\u00e1 en el Hall de la Facultad de Ciencias para la Innovaci\u00f3n y el Desarrollo (FCID) de la UCSE una emotiva muestra homenaje al destacado fot\u00f3grafo y docente Gustavo Tarchini, quien dej\u00f3 una profunda huella en la comunidad educativa de la universidad.<\/p>\n\n\n\n<p>Organizada por<strong> estudiantes de la Licenciatura en Comunicaci\u00f3n Social<\/strong>, junto a la direcci\u00f3n de carrera, la muestra re\u00fane <strong>11 ensayos fotogr\u00e1ficos <\/strong>realizados por el propio Gustavo Tarchini, adem\u00e1s de intervenciones especiales pensadas para recordar y celebrar su legado tanto art\u00edstico como docente.<\/p>\n\n\n\n<p>Gustavo Tarchini fue reconocido por su gran sensibilidad y compromiso con la docencia. Su mirada \u00fanica logr\u00f3 captar la belleza de lo cotidiano en nuestra provincia, dejando una marca en quienes lo conocieron, especialmente entre sus alumnos y colegas.<\/p>\n\n\n\n<p>La exposici\u00f3n estar\u00e1 <strong>abierta al p\u00fablico hasta el viernes 30 de mayo<\/strong> y se la realizar\u00e1 como un espacio para compartir un momento de encuentro, memoria y gratitud hacia una figura clave en el desarrollo de la fotograf\u00eda y la formaci\u00f3n acad\u00e9mica en la UCSE. Desde la instituci\u00f3n invitan a toda la comunidad a acercarse, acompa\u00f1ar a los estudiantes y rendir homenaje. <\/p>\n","protected":false},"excerpt":{"rendered":"<p>Once obras fotogr\u00e1ficas y diversas intervenciones especiales integran la muestra homenaje a Gustavo Tarchini. La inauguraci\u00f3n tendr\u00e1 lugar  en el Hall del FCID.<\/p>\n","protected":false},"author":2,"featured_media":11810,"comment_status":"closed","ping_status":"closed","sticky":false,"template":"","format":"standard","meta":{"_exactmetrics_skip_tracking":false,"_exactmetrics_sitenote_active":false,"_exactmetrics_sitenote_note":"","_exactmetrics_sitenote_category":0,"footnotes":""},"categories":[10,72],"tags":[52,169],"_links":{"self":[{"href":"https:\/\/www.ucse.edu.ar\/notiucse\/wp-json\/wp\/v2\/posts\/11809"}],"collection":[{"href":"https:\/\/www.ucse.edu.ar\/notiucse\/wp-json\/wp\/v2\/posts"}],"about":[{"href":"https:\/\/www.ucse.edu.ar\/notiucse\/wp-json\/wp\/v2\/types\/post"}],"author":[{"embeddable":true,"href":"https:\/\/www.ucse.edu.ar\/notiucse\/wp-json\/wp\/v2\/users\/2"}],"replies":[{"embeddable":true,"href":"https:\/\/www.ucse.edu.ar\/notiucse\/wp-json\/wp\/v2\/comments?post=11809"}],"version-history":[{"count":4,"href":"https:\/\/www.ucse.edu.ar\/notiucse\/wp-json\/wp\/v2\/posts\/11809\/revisions"}],"predecessor-version":[{"id":11815,"href":"https:\/\/www.ucse.edu.ar\/notiucse\/wp-json\/wp\/v2\/posts\/11809\/revisions\/11815"}],"wp:featuredmedia":[{"embeddable":true,"href":"https:\/\/www.ucse.edu.ar\/notiucse\/wp-json\/wp\/v2\/media\/11810"}],"wp:attachment":[{"href":"https:\/\/www.ucse.edu.ar\/notiucse\/wp-json\/wp\/v2\/media?parent=11809"}],"wp:term":[{"taxonomy":"category","embeddable":true,"href":"https:\/\/www.ucse.edu.ar\/notiucse\/wp-json\/wp\/v2\/categories?post=11809"},{"taxonomy":"post_tag","embeddable":true,"href":"https:\/\/www.ucse.edu.ar\/notiucse\/wp-json\/wp\/v2\/tags?post=11809"}],"curies":[{"name":"wp","href":"https:\/\/api.w.org\/{rel}","templated":true}]}}