{"id":11857,"date":"2025-06-02T15:17:25","date_gmt":"2025-06-02T18:17:25","guid":{"rendered":"http:\/\/www.ucse.edu.ar\/notiucse\/?p=11857"},"modified":"2025-06-02T15:18:10","modified_gmt":"2025-06-02T18:18:10","slug":"docentes-de-psicopedagogia-ucse-se-capacitan-en-evaluacion-y-direccion-de-tif","status":"publish","type":"post","link":"https:\/\/www.ucse.edu.ar\/notiucse\/2025\/06\/02\/docentes-de-psicopedagogia-ucse-se-capacitan-en-evaluacion-y-direccion-de-tif\/","title":{"rendered":"Docentes de Psicopedagog\u00eda UCSE se capacitan en evaluaci\u00f3n y direcci\u00f3n de TIF"},"content":{"rendered":"\n<p>Se llev\u00f3 a cabo el segundo encuentro del <strong>Taller sobre Criterios de Evaluaci\u00f3n y Direcci\u00f3n de Trabajos Integradores Finales (TIF)<\/strong>, dirigido a docentes de la <strong>Licenciatura en Psicopedagog\u00eda<\/strong> de la Universidad Cat\u00f3lica de Santiago del Estero. <\/p>\n\n\n\n<p>La jornada estuvo coordinada por la <strong>Lic. Macarena Cacciolatti<\/strong>, referente del \u00c1rea de Investigaci\u00f3n de la Facultad de Ciencias de la Salud, y propuso un espacio de di\u00e1logo e intercambio entre docentes directores y evaluadores de TIF.<\/p>\n\n\n\n<p>Durante el encuentro, los participantes compartieron sus experiencias y <strong>principales desaf\u00edos en la direcci\u00f3n y evaluaci\u00f3n de trabajos finales<\/strong>, con el fin de <strong>revisar los puntos principales de los procesos formativos y evaluativos<\/strong>. A trav\u00e9s de una din\u00e1mica grupal, se identificaron aspectos a mejorar y se consensuaron <strong>propuestas concretas orientadas a lograr criterios de evaluaci\u00f3n m\u00e1s coherentes, justos y de calidad<\/strong>.<\/p>\n\n\n\n<p>La iniciativa parti\u00f3 de la convicci\u00f3n de que <strong>la evaluaci\u00f3n del TIF debe entenderse como una instancia pedag\u00f3gica<\/strong>, que no solo certifica un recorrido, sino que tambi\u00e9n acompa\u00f1a el cierre de una trayectoria formativa.<\/p>\n","protected":false},"excerpt":{"rendered":"<p>Se realiz\u00f3 el segundo encuentro del taller destinado a directores y evaluadores de TIF, con el objetivo de establecer criterios compartidos y acompa\u00f1ar las trayectorias estudiantiles.<\/p>\n","protected":false},"author":2,"featured_media":11858,"comment_status":"closed","ping_status":"closed","sticky":false,"template":"","format":"standard","meta":{"_exactmetrics_skip_tracking":false,"_exactmetrics_sitenote_active":false,"_exactmetrics_sitenote_note":"","_exactmetrics_sitenote_category":0,"footnotes":""},"categories":[9,72],"tags":[55,136,121],"_links":{"self":[{"href":"https:\/\/www.ucse.edu.ar\/notiucse\/wp-json\/wp\/v2\/posts\/11857"}],"collection":[{"href":"https:\/\/www.ucse.edu.ar\/notiucse\/wp-json\/wp\/v2\/posts"}],"about":[{"href":"https:\/\/www.ucse.edu.ar\/notiucse\/wp-json\/wp\/v2\/types\/post"}],"author":[{"embeddable":true,"href":"https:\/\/www.ucse.edu.ar\/notiucse\/wp-json\/wp\/v2\/users\/2"}],"replies":[{"embeddable":true,"href":"https:\/\/www.ucse.edu.ar\/notiucse\/wp-json\/wp\/v2\/comments?post=11857"}],"version-history":[{"count":2,"href":"https:\/\/www.ucse.edu.ar\/notiucse\/wp-json\/wp\/v2\/posts\/11857\/revisions"}],"predecessor-version":[{"id":11860,"href":"https:\/\/www.ucse.edu.ar\/notiucse\/wp-json\/wp\/v2\/posts\/11857\/revisions\/11860"}],"wp:featuredmedia":[{"embeddable":true,"href":"https:\/\/www.ucse.edu.ar\/notiucse\/wp-json\/wp\/v2\/media\/11858"}],"wp:attachment":[{"href":"https:\/\/www.ucse.edu.ar\/notiucse\/wp-json\/wp\/v2\/media?parent=11857"}],"wp:term":[{"taxonomy":"category","embeddable":true,"href":"https:\/\/www.ucse.edu.ar\/notiucse\/wp-json\/wp\/v2\/categories?post=11857"},{"taxonomy":"post_tag","embeddable":true,"href":"https:\/\/www.ucse.edu.ar\/notiucse\/wp-json\/wp\/v2\/tags?post=11857"}],"curies":[{"name":"wp","href":"https:\/\/api.w.org\/{rel}","templated":true}]}}