{"id":11862,"date":"2025-06-02T15:56:19","date_gmt":"2025-06-02T18:56:19","guid":{"rendered":"https:\/\/www.ucse.edu.ar\/notiucse\/?p=11862"},"modified":"2025-06-02T15:59:45","modified_gmt":"2025-06-02T18:59:45","slug":"facultad-de-ciencias-de-la-salud-estuvo-presente-en-el-encuentro-por-la-salud-de-las-mujeres","status":"publish","type":"post","link":"https:\/\/www.ucse.edu.ar\/notiucse\/2025\/06\/02\/facultad-de-ciencias-de-la-salud-estuvo-presente-en-el-encuentro-por-la-salud-de-las-mujeres\/","title":{"rendered":"Facultad de Ciencias de la Salud estuvo presente en el Encuentro por la Salud de las Mujeres"},"content":{"rendered":"\n<p>El pasado mi\u00e9rcoles 28 de mayo, la Licenciatura en Psicopedagog\u00eda de la UCSE particip\u00f3 activamente del <strong>Encuentro de Acci\u00f3n por la Salud de las Mujeres<\/strong>, una jornada desarrollada en la Plaza Seca del F\u00f3rum en conmemoraci\u00f3n del D\u00eda Internacional de Acci\u00f3n por la Salud de las Mujeres.<\/p>\n\n\n\n<p>La presencia de la universidad se concret\u00f3 a trav\u00e9s del <strong>Servicio de Atenci\u00f3n Psicopedag\u00f3gica Integral (SAPI)<\/strong>, coordinado por la Lic. Silvia Carreras, junto a las docentes Lic. Lucina Tagliavini y Lic. Camila Saad, y alumnas voluntarias Roc\u00edo Corval\u00e1n, Eliana Mart\u00ednez, Luciana Bulacio y Valentina Cat\u00e1n.<\/p>\n\n\n\n<p>Desde un stand interactivo, el equipo propuso reflexionar colectivamente sobre el interrogante: <em>\u201cDespu\u00e9s de la jubilaci\u00f3n\u2026 \u00bfqu\u00e9?\u201d<\/em>, promoviendo una visi\u00f3n positiva de esta etapa. La din\u00e1mica busc\u00f3 resignificar la jubilaci\u00f3n como una transici\u00f3n que habilita nuevos proyectos personales y sociales, poniendo en valor las trayectorias individuales y la posibilidad de seguir construyendo sentido.<\/p>\n\n\n\n<p>Adem\u00e1s, representantes del SAPI fueron invitadas a participar de la <strong>Radio Abierta<\/strong> del evento, donde compartieron detalles sobre el trabajo que realiza el servicio y los proyectos en marcha, reforzando su v\u00ednculo con la comunidad.<\/p>\n\n\n\n<p>Desde la <strong>c\u00e1tedra de Psicolog\u00eda Social y Comunitaria<\/strong>, a cargo de la Lic. Ana Robledo, se destac\u00f3 el rol de las psicopedagogas en este tipo de espacios de intervenci\u00f3n, apuntando principalmente a la importancia de abordar la salud de las mujeres desde una <strong>perspectiva de g\u00e9nero<\/strong>. <\/p>\n","protected":false},"excerpt":{"rendered":"<p>La Licenciatura en Psicopedagog\u00eda propuso una mirada reflexiva sobre la jubilaci\u00f3n y el rol profesional desde una perspectiva de g\u00e9nero.<\/p>\n","protected":false},"author":2,"featured_media":11863,"comment_status":"closed","ping_status":"closed","sticky":false,"template":"","format":"standard","meta":{"_exactmetrics_skip_tracking":false,"_exactmetrics_sitenote_active":false,"_exactmetrics_sitenote_note":"","_exactmetrics_sitenote_category":0,"footnotes":""},"categories":[9,72],"tags":[52,132,136],"_links":{"self":[{"href":"https:\/\/www.ucse.edu.ar\/notiucse\/wp-json\/wp\/v2\/posts\/11862"}],"collection":[{"href":"https:\/\/www.ucse.edu.ar\/notiucse\/wp-json\/wp\/v2\/posts"}],"about":[{"href":"https:\/\/www.ucse.edu.ar\/notiucse\/wp-json\/wp\/v2\/types\/post"}],"author":[{"embeddable":true,"href":"https:\/\/www.ucse.edu.ar\/notiucse\/wp-json\/wp\/v2\/users\/2"}],"replies":[{"embeddable":true,"href":"https:\/\/www.ucse.edu.ar\/notiucse\/wp-json\/wp\/v2\/comments?post=11862"}],"version-history":[{"count":2,"href":"https:\/\/www.ucse.edu.ar\/notiucse\/wp-json\/wp\/v2\/posts\/11862\/revisions"}],"predecessor-version":[{"id":11865,"href":"https:\/\/www.ucse.edu.ar\/notiucse\/wp-json\/wp\/v2\/posts\/11862\/revisions\/11865"}],"wp:featuredmedia":[{"embeddable":true,"href":"https:\/\/www.ucse.edu.ar\/notiucse\/wp-json\/wp\/v2\/media\/11863"}],"wp:attachment":[{"href":"https:\/\/www.ucse.edu.ar\/notiucse\/wp-json\/wp\/v2\/media?parent=11862"}],"wp:term":[{"taxonomy":"category","embeddable":true,"href":"https:\/\/www.ucse.edu.ar\/notiucse\/wp-json\/wp\/v2\/categories?post=11862"},{"taxonomy":"post_tag","embeddable":true,"href":"https:\/\/www.ucse.edu.ar\/notiucse\/wp-json\/wp\/v2\/tags?post=11862"}],"curies":[{"name":"wp","href":"https:\/\/api.w.org\/{rel}","templated":true}]}}