{"id":11866,"date":"2025-06-03T08:21:58","date_gmt":"2025-06-03T11:21:58","guid":{"rendered":"https:\/\/www.ucse.edu.ar\/notiucse\/?p=11866"},"modified":"2025-06-03T08:22:00","modified_gmt":"2025-06-03T11:22:00","slug":"habitar-la-universidad-con-otros-una-propuesta-integradora-para-acompanar-el-ingreso-estudiantil","status":"publish","type":"post","link":"https:\/\/www.ucse.edu.ar\/notiucse\/2025\/06\/03\/habitar-la-universidad-con-otros-una-propuesta-integradora-para-acompanar-el-ingreso-estudiantil\/","title":{"rendered":"Habitar la universidad con otros: una propuesta integradora para acompa\u00f1ar el ingreso estudiantil"},"content":{"rendered":"\n<p>En el marco de las actividades de extensi\u00f3n, la carrera de <strong>Licenciatura en Psicopedagog\u00eda<\/strong> de la Universidad Cat\u00f3lica de Santiago del Estero desarroll\u00f3 la propuesta <strong>\u201cInicio con sentido\u2026 habitar la universidad con otros\u201d<\/strong>, una jornada pensada para acompa\u00f1ar a los estudiantes ingresantes en sus primeros pasos dentro del \u00e1mbito universitario. <\/p>\n\n\n\n<p>La actividad fue organizada por las docentes <strong>Lic. Mar\u00eda Esperanza Baccino<\/strong>, desde la c\u00e1tedra Tutor\u00eda (1\u00ba a\u00f1o), y <strong>Lic. Eliana Neme<\/strong>, desde T\u00e9cnicas de Exploraci\u00f3n y Evaluaci\u00f3n en Psicopedagog\u00eda II (4\u00ba a\u00f1o), quienes propusieron un espacio participativo y contenedor para abordar los desaf\u00edos que implica el comienzo de la carrera. <\/p>\n\n\n\n<p>El objetivo fue generar una instancia de encuentro e intercambio entre estudiantes, reconociendo al ingreso universitario como una experiencia que demanda adaptaci\u00f3n, contenci\u00f3n y orientaci\u00f3n. En este sentido, la propuesta no solo apunt\u00f3 a fortalecer v\u00ednculos, sino tambi\u00e9n a promover la construcci\u00f3n de sentido sobre este nuevo escenario para los que reci\u00e9n inician. <\/p>\n\n\n\n<p>Uno de los aspectos m\u00e1s valorados fue la participaci\u00f3n activa de <strong>estudiantes de cuarto a\u00f1o<\/strong>, quienes asumieron un rol protag\u00f3nico en el acompa\u00f1amiento a los ingresantes. Desde una <strong>pr\u00e1ctica situada y reflexiva<\/strong>, pusieron en juego herramientas propias del rol psicopedag\u00f3gico, acercando su formaci\u00f3n profesional en un contexto real y colaborativo.<\/p>\n","protected":false},"excerpt":{"rendered":"<p>La Licenciatura en Psicopedagog\u00eda de la UCSE llev\u00f3 adelante una actividad de extensi\u00f3n que convoc\u00f3 a estudiantes de primero y cuarto a\u00f1o para reflexionar sobre el ingreso a la vida universitaria. <\/p>\n","protected":false},"author":2,"featured_media":11867,"comment_status":"closed","ping_status":"closed","sticky":false,"template":"","format":"standard","meta":{"_exactmetrics_skip_tracking":false,"_exactmetrics_sitenote_active":false,"_exactmetrics_sitenote_note":"","_exactmetrics_sitenote_category":0,"footnotes":""},"categories":[9,72],"tags":[52,132,136],"_links":{"self":[{"href":"https:\/\/www.ucse.edu.ar\/notiucse\/wp-json\/wp\/v2\/posts\/11866"}],"collection":[{"href":"https:\/\/www.ucse.edu.ar\/notiucse\/wp-json\/wp\/v2\/posts"}],"about":[{"href":"https:\/\/www.ucse.edu.ar\/notiucse\/wp-json\/wp\/v2\/types\/post"}],"author":[{"embeddable":true,"href":"https:\/\/www.ucse.edu.ar\/notiucse\/wp-json\/wp\/v2\/users\/2"}],"replies":[{"embeddable":true,"href":"https:\/\/www.ucse.edu.ar\/notiucse\/wp-json\/wp\/v2\/comments?post=11866"}],"version-history":[{"count":2,"href":"https:\/\/www.ucse.edu.ar\/notiucse\/wp-json\/wp\/v2\/posts\/11866\/revisions"}],"predecessor-version":[{"id":11869,"href":"https:\/\/www.ucse.edu.ar\/notiucse\/wp-json\/wp\/v2\/posts\/11866\/revisions\/11869"}],"wp:featuredmedia":[{"embeddable":true,"href":"https:\/\/www.ucse.edu.ar\/notiucse\/wp-json\/wp\/v2\/media\/11867"}],"wp:attachment":[{"href":"https:\/\/www.ucse.edu.ar\/notiucse\/wp-json\/wp\/v2\/media?parent=11866"}],"wp:term":[{"taxonomy":"category","embeddable":true,"href":"https:\/\/www.ucse.edu.ar\/notiucse\/wp-json\/wp\/v2\/categories?post=11866"},{"taxonomy":"post_tag","embeddable":true,"href":"https:\/\/www.ucse.edu.ar\/notiucse\/wp-json\/wp\/v2\/tags?post=11866"}],"curies":[{"name":"wp","href":"https:\/\/api.w.org\/{rel}","templated":true}]}}