{"id":11881,"date":"2025-06-09T18:44:27","date_gmt":"2025-06-09T21:44:27","guid":{"rendered":"https:\/\/www.ucse.edu.ar\/notiucse\/?p=11881"},"modified":"2025-06-09T18:50:30","modified_gmt":"2025-06-09T21:50:30","slug":"el-mensaje-de-justicia-del-papa-francisco-sera-eje-de-una-conferencia-en-santiago-del-estero","status":"publish","type":"post","link":"https:\/\/www.ucse.edu.ar\/notiucse\/2025\/06\/09\/el-mensaje-de-justicia-del-papa-francisco-sera-eje-de-una-conferencia-en-santiago-del-estero\/","title":{"rendered":"El mensaje de justicia del Papa Francisco ser\u00e1 eje de una conferencia en Santiago del Estero"},"content":{"rendered":"\n<p>La conferencia se desarrollar\u00e1 el pr\u00f3ximo <strong>viernes 27 de junio a las 11:30 h<\/strong> en el <strong>Sal\u00f3n del Colegio de Abogados de Santiago del Estero<\/strong>, ubicado en Absal\u00f3n Rojas 605. El evento lleva por t\u00edtulo <strong>\u201cLa Justicia en el Magisterio del Papa Francisco\u201d<\/strong> y propone una mirada sobre los aportes del Sumo Pont\u00edfice en materia de justicia social, \u00e9tica y compromiso cristiano con los m\u00e1s vulnerables.<\/p>\n\n\n\n<p>La jornada contar\u00e1 con la participaci\u00f3n de dos destacados disertantes: la <strong>Dra. Mar\u00eda Teresa Tenti<\/strong> y el <strong>Dr. Alejandro Scarano<\/strong>, quienes abordar\u00e1n el legado doctrinal de Francisco desde una perspectiva acad\u00e9mica y pastoral, articulando los valores del Evangelio con los desaf\u00edos del mundo jur\u00eddico y social. <\/p>\n\n\n\n<p>La actividad es organizada en conjunto por el <strong>Colegio de Abogados de Santiago del Estero<\/strong> y la <strong>Pastoral Universitaria de la Universidad Cat\u00f3lica de Santiago del Estero (UCSE)<\/strong>. La invitaci\u00f3n est\u00e1 dirigida a abogados, estudiantes, docentes, referentes de comunidades religiosas y toda persona interesada en reflexionar sobre el concepto de justicia desde una mirada humanista y cristiana.<\/p>\n","protected":false},"excerpt":{"rendered":"<p>El viernes 27 de junio a las 11:30 h se realizar\u00e1 una conferencia titulada \u201cLa Justicia en el Magisterio del Papa Francisco\u201d en el Colegio de Abogados. Disertar\u00e1n la Dra. Mar\u00eda Teresa Tenti y el Dr. Alejandro Scarano.<\/p>\n","protected":false},"author":2,"featured_media":11882,"comment_status":"closed","ping_status":"closed","sticky":false,"template":"","format":"standard","meta":{"_exactmetrics_skip_tracking":false,"_exactmetrics_sitenote_active":false,"_exactmetrics_sitenote_note":"","_exactmetrics_sitenote_category":0,"footnotes":""},"categories":[11,72],"tags":[51,175],"_links":{"self":[{"href":"https:\/\/www.ucse.edu.ar\/notiucse\/wp-json\/wp\/v2\/posts\/11881"}],"collection":[{"href":"https:\/\/www.ucse.edu.ar\/notiucse\/wp-json\/wp\/v2\/posts"}],"about":[{"href":"https:\/\/www.ucse.edu.ar\/notiucse\/wp-json\/wp\/v2\/types\/post"}],"author":[{"embeddable":true,"href":"https:\/\/www.ucse.edu.ar\/notiucse\/wp-json\/wp\/v2\/users\/2"}],"replies":[{"embeddable":true,"href":"https:\/\/www.ucse.edu.ar\/notiucse\/wp-json\/wp\/v2\/comments?post=11881"}],"version-history":[{"count":2,"href":"https:\/\/www.ucse.edu.ar\/notiucse\/wp-json\/wp\/v2\/posts\/11881\/revisions"}],"predecessor-version":[{"id":11884,"href":"https:\/\/www.ucse.edu.ar\/notiucse\/wp-json\/wp\/v2\/posts\/11881\/revisions\/11884"}],"wp:featuredmedia":[{"embeddable":true,"href":"https:\/\/www.ucse.edu.ar\/notiucse\/wp-json\/wp\/v2\/media\/11882"}],"wp:attachment":[{"href":"https:\/\/www.ucse.edu.ar\/notiucse\/wp-json\/wp\/v2\/media?parent=11881"}],"wp:term":[{"taxonomy":"category","embeddable":true,"href":"https:\/\/www.ucse.edu.ar\/notiucse\/wp-json\/wp\/v2\/categories?post=11881"},{"taxonomy":"post_tag","embeddable":true,"href":"https:\/\/www.ucse.edu.ar\/notiucse\/wp-json\/wp\/v2\/tags?post=11881"}],"curies":[{"name":"wp","href":"https:\/\/api.w.org\/{rel}","templated":true}]}}